{"id":997,"date":"2025-08-15T10:02:42","date_gmt":"2025-08-15T08:02:42","guid":{"rendered":"http:\/\/sonam.bzh\/?p=997"},"modified":"2025-09-08T10:22:25","modified_gmt":"2025-09-08T08:22:25","slug":"eveil-musical-decouverte-chant-pour-enfants-des-ateliers-de-musique-pour-les-plus-jeunes-a-sonam-ecole-de-musique-2","status":"publish","type":"post","link":"https:\/\/sonam.bzh\/br\/2025\/08\/15\/eveil-musical-decouverte-chant-pour-enfants-des-ateliers-de-musique-pour-les-plus-jeunes-a-sonam-ecole-de-musique-2\/","title":{"rendered":"Dizolei\u00f1 ar sonerezh, kan evit ar vugale&#8230; ataliero\u00f9 sonerezh evit ar re yaouanka\u00f1\u00a0get Sonam\u2019 !"},"content":{"rendered":"<p><\/p>\n<p><img loading=\"lazy\" decoding=\"async\" class=\"alignleft wp-image-998 size-large\" src=\"http:\/\/sonam.bzh\/WP\/wp-content\/uploads\/2019\/09\/Photo-S.-Gocsei-site-1024x575.jpg\" alt=\"\" width=\"1024\" height=\"575\" srcset=\"https:\/\/sonam.bzh\/WP\/wp-content\/uploads\/2019\/09\/Photo-S.-Gocsei-site-1024x575.jpg 1024w, https:\/\/sonam.bzh\/WP\/wp-content\/uploads\/2019\/09\/Photo-S.-Gocsei-site-300x169.jpg 300w, https:\/\/sonam.bzh\/WP\/wp-content\/uploads\/2019\/09\/Photo-S.-Gocsei-site-768x431.jpg 768w\" sizes=\"auto, (max-width: 1024px) 100vw, 1024px\" \/><\/p>\n<p>Sonam\u2019 skol sonerezh (Kervignag, Porzh-Loeiz, Rianteg, Lokmikaelig, Santez-Elen, Lostenk, Pleheneg), a gennig ataliero\u00f9 sonerezh a-stroll evit ar vugale vihan :<\/p>\n<p>&nbsp;<\/p>\n<p><b>Dizolei\u00f1 ar sonerezh : 6 atalier (palio\u00f9 pedagogel e diaz ar bajenn)<\/b><\/p>\n<p>-Kervignag (Kernourz, sal liesimplij), d&rsquo;ar Yaou da 5e30.<\/p>\n<p>-Kervignag (bourc&rsquo;h, ti ar c&rsquo;hevredigezhio\u00f9), d&rsquo;ar Merc&rsquo;her da 11e.<\/p>\n<p>-Porzh-Loeiz (4 ru ar sitadell, skol ar c&rsquo;heiz-k\u00ear), d&rsquo;ar Lun da 5e30.<\/p>\n<p>-Lokmikaelig (sal Artimon),\u00a0d&rsquo;ar Merc&rsquo;her da 11e.<\/p>\n<p>-Santez-Elen (levraoueg),\u00a0d&rsquo;ar Yaou da 5e30.<\/p>\n<p>-Gavr, (levraoueg skol Anita Conti), d&rsquo;ar Gwener da 5e30.<\/p>\n<p><b>Hag ivez :<\/b><\/p>\n<p>Un atalier evit ar re 6-12 vlez, geto\u00f1 ar pal sevel ur gontadenn-sonerezh \u00e9 kani\u00f1 hag \u00e9 soni\u00f1 get meur a venveg&#8230; Kervignag,\u00a0ti ar c&rsquo;hevredigezhio\u00f9, da 5e30 d&rsquo;ar Merc&rsquo;her.<\/p>\n<p><b>Ataliero\u00f9 kan evit ar vugale<\/b><\/p>\n<p>&#8211; Atalier 7-10 vlez, Kervignag, sal ar patronaj, d&rsquo;ar Yaou da 5e30.<\/p>\n<p>&#8211; Atalier 5-6 vlez e Porzh-Loeiz, da 4e30 (\u00e0r-lerc&rsquo;h ar skol)<\/p>\n<p>&#8211; Atalier kan e brezhoneg evit ar re 6-10 vlez, d&rsquo;ar Merc&rsquo;her e Kernourz, Kervignag (eur da vout choazet asambl get ar re dedennet)<\/p>\n<p>&nbsp;<\/p>\n<p><em><b>Palio\u00f9 an ataliero\u00f9 dizolei\u00f1 ar sonerezh :<\/b><\/em><\/p>\n<p><i>\u00c9veiller<\/i><em>\u00a0les enfants \u00e0 la musique et \u00e0 tout ce qui la compose, \u00e0 travers le jeu, la voix, la percussion, le mouvement et l&rsquo;\u00e9coute.<\/em><\/p>\n<p><em>Explorer sa voix et \u00a0chanter, explorer les sons et \u00a0les timbres et s&rsquo;en amuser.\u00a0 Jouer, frapper, gratter, frotter, effleurer et \u00a0inventer avec des instruments de musique.<\/em><\/p>\n<p><em>Ecouter, d\u00e9couvrir, ressentir, donner l&rsquo;envie de faire de la musique.<\/em><\/p>\n<p><em><b>L&rsquo;objectif n&rsquo;est pas d&rsquo;enseigner la musique mais de faire pratiquer et ressentir le geste musical.<\/b><\/em><\/p>\n<p>&nbsp;<\/p>\n<p><b>Evit gouiet hiroc&rsquo;h ha lakat e anv : <a>contact@sonam.bzh<\/a>, 07-54-36-94-54<\/b><\/p>\n<p>&nbsp;<\/p>\n<p>&nbsp;<\/p>\n<p><img loading=\"lazy\" decoding=\"async\" class=\"alignleft wp-image-998 size-large\" src=\"http:\/\/sonam.bzh\/WP\/wp-content\/uploads\/2019\/09\/Photo-S.-Gocsei-site-1024x575.jpg\" alt=\"\" width=\"1024\" height=\"575\" srcset=\"https:\/\/sonam.bzh\/WP\/wp-content\/uploads\/2019\/09\/Photo-S.-Gocsei-site-1024x575.jpg 1024w, https:\/\/sonam.bzh\/WP\/wp-content\/uploads\/2019\/09\/Photo-S.-Gocsei-site-300x169.jpg 300w, https:\/\/sonam.bzh\/WP\/wp-content\/uploads\/2019\/09\/Photo-S.-Gocsei-site-768x431.jpg 768w\" sizes=\"auto, (max-width: 1024px) 100vw, 1024px\" \/><\/p>\n<p>Sonam\u2019 skol sonerezh (Kervignag, Porzh-Loeiz, Rianteg, Lokmikaelig, Santez-Elen, Lostenk, Pleheneg), a gennig ataliero\u00f9 sonerezh a-stroll evit ar vugale vihan :<\/p>\n<p>&nbsp;<\/p>\n<p><b>Dizolei\u00f1 ar sonerezh : 6 atalier (palio\u00f9 pedagogel e diaz ar bajenn)<\/b><\/p>\n<p>-Kervignag (Kernourz, sal liesimplij), d&rsquo;ar Yaou da 5e30.<\/p>\n<p>-Kervignag (bourc&rsquo;h, ti ar c&rsquo;hevredigezhio\u00f9), d&rsquo;ar Merc&rsquo;her da 11e.<\/p>\n<p>-Porzh-Loeiz (4 ru ar sitadell, skol ar c&rsquo;heiz-k\u00ear), d&rsquo;ar Lun da 5e30.<\/p>\n<p>-Lokmikaelig (sal Artimon),\u00a0d&rsquo;ar Merc&rsquo;her da 11e.<\/p>\n<p>-Santez-Elen (levraoueg),\u00a0d&rsquo;ar Yaou da 5e30.<\/p>\n<p>-Gavr, (levraoueg skol Anita Conti), d&rsquo;ar Gwener da 5e30.<\/p>\n<p><b>Hag ivez :<\/b><\/p>\n<p>Un atalier evit ar re 6-12 vlez, geto\u00f1 ar pal sevel ur gontadenn-sonerezh \u00e9 kani\u00f1 hag \u00e9 soni\u00f1 get meur a venveg&#8230; Kervignag,\u00a0ti ar c&rsquo;hevredigezhio\u00f9, da 5e30 d&rsquo;ar Merc&rsquo;her.<\/p>\n<p><b>Ataliero\u00f9 kan evit ar vugale<\/b><\/p>\n<p>&#8211; Atalier 7-10 vlez, Kervignag, sal ar patronaj, d&rsquo;ar Yaou da 5e30.<\/p>\n<p>&#8211; Atalier 5-6 vlez e Porzh-Loeiz, da 4e30 (\u00e0r-lerc&rsquo;h ar skol)<\/p>\n<p>&#8211; Atalier kan e brezhoneg evit ar re 6-10 vlez, d&rsquo;ar Merc&rsquo;her e Kernourz, Kervignag (eur da vout choazet asambl get ar re dedennet)<\/p>\n<p>&nbsp;<\/p>\n<p><em><b>Palio\u00f9 an ataliero\u00f9 dizolei\u00f1 ar sonerezh :<\/b><\/em><\/p>\n<p><i>\u00c9veiller<\/i><em>\u00a0les enfants \u00e0 la musique et \u00e0 tout ce qui la compose, \u00e0 travers le jeu, la voix, la percussion, le mouvement et l&rsquo;\u00e9coute.<\/em><\/p>\n<p><em>Explorer sa voix et \u00a0chanter, explorer les sons et \u00a0les timbres et s&rsquo;en amuser.\u00a0 Jouer, frapper, gratter, frotter, effleurer et \u00a0inventer avec des instruments de musique.<\/em><\/p>\n<p><em>Ecouter, d\u00e9couvrir, ressentir, donner l&rsquo;envie de faire de la musique.<\/em><\/p>\n<p><em><b>L&rsquo;objectif n&rsquo;est pas d&rsquo;enseigner la musique mais de faire pratiquer et ressentir le geste musical.<\/b><\/em><\/p>\n<p>&nbsp;<\/p>\n<p><b>Evit gouiet hiroc&rsquo;h ha lakat e anv : <a>contact@sonam.bzh<\/a>, 07-54-36-94-54<\/b><\/p>\n<p>&nbsp;<\/p>\n<\/p>\n<p><img loading=\"lazy\" decoding=\"async\" class=\"alignleft wp-image-998 size-large\" src=\"http:\/\/sonam.bzh\/WP\/wp-content\/uploads\/2019\/09\/Photo-S.-Gocsei-site-1024x575.jpg\" alt=\"\" width=\"1024\" height=\"575\" srcset=\"https:\/\/sonam.bzh\/WP\/wp-content\/uploads\/2019\/09\/Photo-S.-Gocsei-site-1024x575.jpg 1024w, https:\/\/sonam.bzh\/WP\/wp-content\/uploads\/2019\/09\/Photo-S.-Gocsei-site-300x169.jpg 300w, https:\/\/sonam.bzh\/WP\/wp-content\/uploads\/2019\/09\/Photo-S.-Gocsei-site-768x431.jpg 768w\" sizes=\"auto, (max-width: 1024px) 100vw, 1024px\" \/><\/p>\n<p>Sonam\u2019 skol sonerezh (Kervignag, Porzh-Loeiz, Rianteg, Lokmikaelig, Santez-Elen, Lostenk, Pleheneg), a gennig ataliero\u00f9 sonerezh a-stroll evit ar vugale vihan :<\/p>\n<p>&nbsp;<\/p>\n<p><b>Dizolei\u00f1 ar sonerezh : 6 atalier (palio\u00f9 pedagogel e diaz ar bajenn)<\/b><\/p>\n<p>-Kervignag (Kernourz, sal liesimplij), d&rsquo;ar Yaou da 5e30.<\/p>\n<p>-Kervignag (bourc&rsquo;h, ti ar c&rsquo;hevredigezhio\u00f9), d&rsquo;ar Merc&rsquo;her da 11e.<\/p>\n<p>-Porzh-Loeiz (4 ru ar sitadell, skol ar c&rsquo;heiz-k\u00ear), d&rsquo;ar Lun da 5e30.<\/p>\n<p>-Lokmikaelig (sal Artimon),\u00a0d&rsquo;ar Merc&rsquo;her da 11e.<\/p>\n<p>-Santez-Elen (levraoueg),\u00a0d&rsquo;ar Yaou da 5e30.<\/p>\n<p>-Gavr, (levraoueg skol Anita Conti), d&rsquo;ar Gwener da 5e30.<\/p>\n<p><b>Hag ivez :<\/b><\/p>\n<p>Un atalier evit ar re 6-12 vlez, geto\u00f1 ar pal sevel ur gontadenn-sonerezh \u00e9 kani\u00f1 hag \u00e9 soni\u00f1 get meur a venveg&#8230; Kervignag,\u00a0ti ar c&rsquo;hevredigezhio\u00f9, da 5e30 d&rsquo;ar Merc&rsquo;her.<\/p>\n<p><b>Ataliero\u00f9 kan evit ar vugale<\/b><\/p>\n<p>&#8211; Atalier 7-10 vlez, Kervignag, sal ar patronaj, d&rsquo;ar Yaou da 5e30.<\/p>\n<p>&#8211; Atalier 5-6 vlez e Porzh-Loeiz, da 4e30 (\u00e0r-lerc&rsquo;h ar skol)<\/p>\n<p>&#8211; Atalier kan e brezhoneg evit ar re 6-10 vlez, d&rsquo;ar Merc&rsquo;her e Kernourz, Kervignag (eur da vout choazet asambl get ar re dedennet)<\/p>\n<p>&nbsp;<\/p>\n<p><em><b>Palio\u00f9 an ataliero\u00f9 dizolei\u00f1 ar sonerezh :<\/b><\/em><\/p>\n<p><i>\u00c9veiller<\/i><em>\u00a0les enfants \u00e0 la musique et \u00e0 tout ce qui la compose, \u00e0 travers le jeu, la voix, la percussion, le mouvement et l&rsquo;\u00e9coute.<\/em><\/p>\n<p><em>Explorer sa voix et \u00a0chanter, explorer les sons et \u00a0les timbres et s&rsquo;en amuser.\u00a0 Jouer, frapper, gratter, frotter, effleurer et \u00a0inventer avec des instruments de musique.<\/em><\/p>\n<p><em>Ecouter, d\u00e9couvrir, ressentir, donner l&rsquo;envie de faire de la musique.<\/em><\/p>\n<p><em><b>L&rsquo;objectif n&rsquo;est pas d&rsquo;enseigner la musique mais de faire pratiquer et ressentir le geste musical.<\/b><\/em><\/p>\n<p>&nbsp;<\/p>\n<p><b>Evit gouiet hiroc&rsquo;h ha lakat e anv : <a>contact@sonam.bzh<\/a>, 07-54-36-94-54<\/b><\/p>\n<p>&nbsp;<\/p>\n<\/p>\n<p><img loading=\"lazy\" decoding=\"async\" class=\"alignleft wp-image-998 size-large\" src=\"http:\/\/sonam.bzh\/WP\/wp-content\/uploads\/2019\/09\/Photo-S.-Gocsei-site-1024x575.jpg\" alt=\"\" width=\"1024\" height=\"575\" srcset=\"https:\/\/sonam.bzh\/WP\/wp-content\/uploads\/2019\/09\/Photo-S.-Gocsei-site-1024x575.jpg 1024w, https:\/\/sonam.bzh\/WP\/wp-content\/uploads\/2019\/09\/Photo-S.-Gocsei-site-300x169.jpg 300w, https:\/\/sonam.bzh\/WP\/wp-content\/uploads\/2019\/09\/Photo-S.-Gocsei-site-768x431.jpg 768w\" sizes=\"auto, (max-width: 1024px) 100vw, 1024px\" \/><\/p>\n<p>Sonam\u2019 skol sonerezh (Kervignag, Porzh-Loeiz, Rianteg, Lokmikaelig, Santez-Elen, Lostenk, Pleheneg), a gennig ataliero\u00f9 sonerezh a-stroll evit ar vugale vihan :<\/p>\n<p>&nbsp;<\/p>\n<p><b>Dizolei\u00f1 ar sonerezh : 6 atalier (palio\u00f9 pedagogel e diaz ar bajenn)<\/b><\/p>\n<p>-Kervignag (Kernourz, sal liesimplij), d&rsquo;ar Yaou da 5e30.<\/p>\n<p>-Kervignag (bourc&rsquo;h, ti ar c&rsquo;hevredigezhio\u00f9), d&rsquo;ar Merc&rsquo;her da 11e.<\/p>\n<p>-Porzh-Loeiz (4 ru ar sitadell, skol ar c&rsquo;heiz-k\u00ear), d&rsquo;ar Lun da 5e30.<\/p>\n<p>-Lokmikaelig (sal Artimon),\u00a0d&rsquo;ar Merc&rsquo;her da 11e.<\/p>\n<p>-Santez-Elen (levraoueg),\u00a0d&rsquo;ar Yaou da 5e30.<\/p>\n<p>-Gavr, (levraoueg skol Anita Conti), d&rsquo;ar Gwener da 5e30.<\/p>\n<p><b>Hag ivez :<\/b><\/p>\n<p>Un atalier evit ar re 6-12 vlez, geto\u00f1 ar pal sevel ur gontadenn-sonerezh \u00e9 kani\u00f1 hag \u00e9 soni\u00f1 get meur a venveg&#8230; Kervignag,\u00a0ti ar c&rsquo;hevredigezhio\u00f9, da 5e30 d&rsquo;ar Merc&rsquo;her.<\/p>\n<p><b>Ataliero\u00f9 kan evit ar vugale<\/b><\/p>\n<p>&#8211; Atalier 7-10 vlez, Kervignag, sal ar patronaj, d&rsquo;ar Yaou da 5e30.<\/p>\n<p>&#8211; Atalier 5-6 vlez e Porzh-Loeiz, da 4e30 (\u00e0r-lerc&rsquo;h ar skol)<\/p>\n<p>&#8211; Atalier kan e brezhoneg evit ar re 6-10 vlez, d&rsquo;ar Merc&rsquo;her e Kernourz, Kervignag (eur da vout choazet asambl get ar re dedennet)<\/p>\n<p>&nbsp;<\/p>\n<p><em><b>Palio\u00f9 an ataliero\u00f9 dizolei\u00f1 ar sonerezh :<\/b><\/em><\/p>\n<p><i>\u00c9veiller<\/i><em>\u00a0les enfants \u00e0 la musique et \u00e0 tout ce qui la compose, \u00e0 travers le jeu, la voix, la percussion, le mouvement et l&rsquo;\u00e9coute.<\/em><\/p>\n<p><em>Explorer sa voix et \u00a0chanter, explorer les sons et \u00a0les timbres et s&rsquo;en amuser.\u00a0 Jouer, frapper, gratter, frotter, effleurer et \u00a0inventer avec des instruments de musique.<\/em><\/p>\n<p><em>Ecouter, d\u00e9couvrir, ressentir, donner l&rsquo;envie de faire de la musique.<\/em><\/p>\n<p><em><b>L&rsquo;objectif n&rsquo;est pas d&rsquo;enseigner la musique mais de faire pratiquer et ressentir le geste musical.<\/b><\/em><\/p>\n<p>&nbsp;<\/p>\n<p><b>Evit gouiet hiroc&rsquo;h ha lakat e anv : <a>contact@sonam.bzh<\/a>, 07-54-36-94-54<\/b><\/p>\n<p>&nbsp;<\/p>\n<p><\/p>","protected":false},"excerpt":{"rendered":"<p>Sonam\u2019 skol sonerezh (Kervignag, Porzh-Loeiz, Rianteg, Lokmikaelig, Santez-Elen, Lostenk, Pleheneg), a gennig ataliero\u00f9 sonerezh a-stroll evit ar vugale vihan : &nbsp; Dizolei\u00f1 ar sonerezh : 6 atalier (palio\u00f9 pedagogel e diaz ar bajenn) -Kervignag (Kernourz, sal liesimplij), d&rsquo;ar Yaou da 5e30. -Kervignag (bourc&rsquo;h, ti ar c&rsquo;hevredigezhio\u00f9), d&rsquo;ar Merc&rsquo;her da 11e. -Porzh-Loeiz (4 ru ar sitadell, [&hellip;]<\/p>\n","protected":false},"author":6,"featured_media":998,"comment_status":"open","ping_status":"open","sticky":false,"template":"","format":"standard","meta":{"_bbp_topic_count":0,"_bbp_reply_count":0,"_bbp_total_topic_count":0,"_bbp_total_reply_count":0,"_bbp_voice_count":0,"_bbp_anonymous_reply_count":0,"_bbp_topic_count_hidden":0,"_bbp_reply_count_hidden":0,"_bbp_forum_subforum_count":0,"ngg_post_thumbnail":0,"_jetpack_memberships_contains_paid_content":false,"footnotes":""},"categories":[12],"tags":[],"class_list":{"0":"post-997","1":"post","2":"type-post","3":"status-publish","4":"format-standard","5":"has-post-thumbnail","7":"category-cours-ateliers","8":"czr-hentry"},"yoast_head":"<!-- This site is optimized with the Yoast SEO plugin v27.5 - https:\/\/yoast.com\/product\/yoast-seo-wordpress\/ -->\n<title>Dizolei\u00f1 ar sonerezh, kan evit ar vugale... ataliero\u00f9 sonerezh evit ar re yaouanka\u00f1\u00a0get Sonam\u2019 ! - Sonam&#039; - Skol Sonerezh<\/title>\n<meta name=\"robots\" content=\"index, follow, max-snippet:-1, max-image-preview:large, max-video-preview:-1\" \/>\n<link rel=\"canonical\" href=\"https:\/\/sonam.bzh\/2025\/08\/15\/eveil-musical-decouverte-chant-pour-enfants-des-ateliers-de-musique-pour-les-plus-jeunes-a-sonam-ecole-de-musique-2\/\" class=\"yoast-seo-meta-tag\" \/>\n<meta property=\"og:locale\" content=\"en_US\" class=\"yoast-seo-meta-tag\" \/>\n<meta property=\"og:type\" content=\"article\" class=\"yoast-seo-meta-tag\" \/>\n<meta property=\"og:title\" content=\"Dizolei\u00f1 ar sonerezh, kan evit ar vugale... ataliero\u00f9 sonerezh evit ar re yaouanka\u00f1\u00a0get Sonam\u2019 ! - Sonam&#039; - Skol Sonerezh\" class=\"yoast-seo-meta-tag\" \/>\n<meta property=\"og:description\" content=\"Sonam\u2019 skol sonerezh (Kervignag, Porzh-Loeiz, Rianteg, Lokmikaelig, Santez-Elen, Lostenk, Pleheneg), a gennig ataliero\u00f9 sonerezh a-stroll evit ar vugale vihan : &nbsp; Dizolei\u00f1 ar sonerezh : 6 atalier (palio\u00f9 pedagogel e diaz ar bajenn) -Kervignag (Kernourz, sal liesimplij), d&rsquo;ar Yaou da 5e30. -Kervignag (bourc&rsquo;h, ti ar c&rsquo;hevredigezhio\u00f9), d&rsquo;ar Merc&rsquo;her da 11e. -Porzh-Loeiz (4 ru ar sitadell, [&hellip;]\" class=\"yoast-seo-meta-tag\" \/>\n<meta property=\"og:url\" content=\"https:\/\/sonam.bzh\/2025\/08\/15\/eveil-musical-decouverte-chant-pour-enfants-des-ateliers-de-musique-pour-les-plus-jeunes-a-sonam-ecole-de-musique-2\/\" class=\"yoast-seo-meta-tag\" \/>\n<meta property=\"og:site_name\" content=\"Sonam&#039; - Skol Sonerezh\" class=\"yoast-seo-meta-tag\" \/>\n<meta property=\"article:publisher\" content=\"https:\/\/www.facebook.com\/SonamEcoleDeMusique\/\" class=\"yoast-seo-meta-tag\" \/>\n<meta property=\"article:published_time\" content=\"2025-08-15T08:02:42+00:00\" class=\"yoast-seo-meta-tag\" \/>\n<meta property=\"article:modified_time\" content=\"2025-09-08T08:22:25+00:00\" class=\"yoast-seo-meta-tag\" \/>\n<meta property=\"og:image\" content=\"https:\/\/sonam.bzh\/WP\/wp-content\/uploads\/2019\/09\/Photo-S.-Gocsei-site.jpg\" class=\"yoast-seo-meta-tag\" \/>\n\t<meta property=\"og:image:width\" content=\"3484\" class=\"yoast-seo-meta-tag\" \/>\n\t<meta property=\"og:image:height\" content=\"1957\" class=\"yoast-seo-meta-tag\" \/>\n\t<meta property=\"og:image:type\" content=\"image\/jpeg\" class=\"yoast-seo-meta-tag\" \/>\n<meta name=\"author\" content=\"Nicolas\" class=\"yoast-seo-meta-tag\" \/>\n<meta name=\"twitter:card\" content=\"summary_large_image\" class=\"yoast-seo-meta-tag\" \/>\n<meta name=\"twitter:label1\" content=\"Written by\" class=\"yoast-seo-meta-tag\" \/>\n\t<meta name=\"twitter:data1\" content=\"Nicolas\" class=\"yoast-seo-meta-tag\" \/>\n\t<meta name=\"twitter:label2\" content=\"Est. reading time\" class=\"yoast-seo-meta-tag\" \/>\n\t<meta name=\"twitter:data2\" content=\"2 minutes\" class=\"yoast-seo-meta-tag\" \/>\n<script type=\"application\/ld+json\" class=\"yoast-schema-graph\">{\"@context\":\"https:\\\/\\\/schema.org\",\"@graph\":[{\"@type\":\"Article\",\"@id\":\"https:\\\/\\\/sonam.bzh\\\/2025\\\/08\\\/15\\\/eveil-musical-decouverte-chant-pour-enfants-des-ateliers-de-musique-pour-les-plus-jeunes-a-sonam-ecole-de-musique-2\\\/#article\",\"isPartOf\":{\"@id\":\"https:\\\/\\\/sonam.bzh\\\/2025\\\/08\\\/15\\\/eveil-musical-decouverte-chant-pour-enfants-des-ateliers-de-musique-pour-les-plus-jeunes-a-sonam-ecole-de-musique-2\\\/\"},\"author\":{\"name\":\"Nicolas\",\"@id\":\"https:\\\/\\\/sonam.bzh\\\/#\\\/schema\\\/person\\\/640218b6626942d12cfb20b57b5f47dd\"},\"headline\":\"Dizolei\u00f1 ar sonerezh, kan evit ar vugale&#8230; ataliero\u00f9 sonerezh evit ar re yaouanka\u00f1\u00a0get Sonam\u2019 !\",\"datePublished\":\"2025-08-15T08:02:42+00:00\",\"dateModified\":\"2025-09-08T08:22:25+00:00\",\"mainEntityOfPage\":{\"@id\":\"https:\\\/\\\/sonam.bzh\\\/2025\\\/08\\\/15\\\/eveil-musical-decouverte-chant-pour-enfants-des-ateliers-de-musique-pour-les-plus-jeunes-a-sonam-ecole-de-musique-2\\\/\"},\"wordCount\":1373,\"commentCount\":0,\"image\":{\"@id\":\"https:\\\/\\\/sonam.bzh\\\/2025\\\/08\\\/15\\\/eveil-musical-decouverte-chant-pour-enfants-des-ateliers-de-musique-pour-les-plus-jeunes-a-sonam-ecole-de-musique-2\\\/#primaryimage\"},\"thumbnailUrl\":\"https:\\\/\\\/sonam.bzh\\\/WP\\\/wp-content\\\/uploads\\\/2019\\\/09\\\/Photo-S.-Gocsei-site.jpg\",\"articleSection\":[\"Kentelio\u00f9 hag ataliero\u00f9\"],\"inLanguage\":\"br\",\"potentialAction\":[{\"@type\":\"CommentAction\",\"name\":\"Comment\",\"target\":[\"https:\\\/\\\/sonam.bzh\\\/2025\\\/08\\\/15\\\/eveil-musical-decouverte-chant-pour-enfants-des-ateliers-de-musique-pour-les-plus-jeunes-a-sonam-ecole-de-musique-2\\\/#respond\"]}]},{\"@type\":\"WebPage\",\"@id\":\"https:\\\/\\\/sonam.bzh\\\/2025\\\/08\\\/15\\\/eveil-musical-decouverte-chant-pour-enfants-des-ateliers-de-musique-pour-les-plus-jeunes-a-sonam-ecole-de-musique-2\\\/\",\"url\":\"https:\\\/\\\/sonam.bzh\\\/2025\\\/08\\\/15\\\/eveil-musical-decouverte-chant-pour-enfants-des-ateliers-de-musique-pour-les-plus-jeunes-a-sonam-ecole-de-musique-2\\\/\",\"name\":\"Dizolei\u00f1 ar sonerezh, kan evit ar vugale... ataliero\u00f9 sonerezh evit ar re yaouanka\u00f1\u00a0get Sonam\u2019 ! - Sonam&#039; - Skol Sonerezh\",\"isPartOf\":{\"@id\":\"https:\\\/\\\/sonam.bzh\\\/#website\"},\"primaryImageOfPage\":{\"@id\":\"https:\\\/\\\/sonam.bzh\\\/2025\\\/08\\\/15\\\/eveil-musical-decouverte-chant-pour-enfants-des-ateliers-de-musique-pour-les-plus-jeunes-a-sonam-ecole-de-musique-2\\\/#primaryimage\"},\"image\":{\"@id\":\"https:\\\/\\\/sonam.bzh\\\/2025\\\/08\\\/15\\\/eveil-musical-decouverte-chant-pour-enfants-des-ateliers-de-musique-pour-les-plus-jeunes-a-sonam-ecole-de-musique-2\\\/#primaryimage\"},\"thumbnailUrl\":\"https:\\\/\\\/sonam.bzh\\\/WP\\\/wp-content\\\/uploads\\\/2019\\\/09\\\/Photo-S.-Gocsei-site.jpg\",\"datePublished\":\"2025-08-15T08:02:42+00:00\",\"dateModified\":\"2025-09-08T08:22:25+00:00\",\"author\":{\"@id\":\"https:\\\/\\\/sonam.bzh\\\/#\\\/schema\\\/person\\\/640218b6626942d12cfb20b57b5f47dd\"},\"breadcrumb\":{\"@id\":\"https:\\\/\\\/sonam.bzh\\\/2025\\\/08\\\/15\\\/eveil-musical-decouverte-chant-pour-enfants-des-ateliers-de-musique-pour-les-plus-jeunes-a-sonam-ecole-de-musique-2\\\/#breadcrumb\"},\"inLanguage\":\"br\",\"potentialAction\":[{\"@type\":\"ReadAction\",\"target\":[\"https:\\\/\\\/sonam.bzh\\\/2025\\\/08\\\/15\\\/eveil-musical-decouverte-chant-pour-enfants-des-ateliers-de-musique-pour-les-plus-jeunes-a-sonam-ecole-de-musique-2\\\/\"]}]},{\"@type\":\"ImageObject\",\"inLanguage\":\"br\",\"@id\":\"https:\\\/\\\/sonam.bzh\\\/2025\\\/08\\\/15\\\/eveil-musical-decouverte-chant-pour-enfants-des-ateliers-de-musique-pour-les-plus-jeunes-a-sonam-ecole-de-musique-2\\\/#primaryimage\",\"url\":\"https:\\\/\\\/sonam.bzh\\\/WP\\\/wp-content\\\/uploads\\\/2019\\\/09\\\/Photo-S.-Gocsei-site.jpg\",\"contentUrl\":\"https:\\\/\\\/sonam.bzh\\\/WP\\\/wp-content\\\/uploads\\\/2019\\\/09\\\/Photo-S.-Gocsei-site.jpg\",\"width\":3484,\"height\":1957},{\"@type\":\"BreadcrumbList\",\"@id\":\"https:\\\/\\\/sonam.bzh\\\/2025\\\/08\\\/15\\\/eveil-musical-decouverte-chant-pour-enfants-des-ateliers-de-musique-pour-les-plus-jeunes-a-sonam-ecole-de-musique-2\\\/#breadcrumb\",\"itemListElement\":[{\"@type\":\"ListItem\",\"position\":1,\"name\":\"Accueil\",\"item\":\"https:\\\/\\\/sonam.bzh\\\/\"},{\"@type\":\"ListItem\",\"position\":2,\"name\":\"Eveil musical, d\u00e9couverte, chant pour enfants\u2026 des ateliers de musique pour les plus jeunes \u00e0 Sonam\u2019 \u00e9cole de musique !\"}]},{\"@type\":\"WebSite\",\"@id\":\"https:\\\/\\\/sonam.bzh\\\/#website\",\"url\":\"https:\\\/\\\/sonam.bzh\\\/\",\"name\":\"Sonam - Ecole de Musique\",\"description\":\"Sonam&#039; - Skol Sonerezh\",\"potentialAction\":[{\"@type\":\"SearchAction\",\"target\":{\"@type\":\"EntryPoint\",\"urlTemplate\":\"https:\\\/\\\/sonam.bzh\\\/?s={search_term_string}\"},\"query-input\":{\"@type\":\"PropertyValueSpecification\",\"valueRequired\":true,\"valueName\":\"search_term_string\"}}],\"inLanguage\":\"br\"},{\"@type\":\"Person\",\"@id\":\"https:\\\/\\\/sonam.bzh\\\/#\\\/schema\\\/person\\\/640218b6626942d12cfb20b57b5f47dd\",\"name\":\"Nicolas\",\"image\":{\"@type\":\"ImageObject\",\"inLanguage\":\"br\",\"@id\":\"\\\/\\\/www.gravatar.com\\\/avatar\\\/eb57aa1f6aca800af67972a72a6c397a?s=96&#038;r=g&#038;d=mm\",\"url\":\"\\\/\\\/www.gravatar.com\\\/avatar\\\/eb57aa1f6aca800af67972a72a6c397a?s=96&#038;r=g&#038;d=mm\",\"contentUrl\":\"\\\/\\\/www.gravatar.com\\\/avatar\\\/eb57aa1f6aca800af67972a72a6c397a?s=96&#038;r=g&#038;d=mm\",\"caption\":\"Nicolas\"}}]}<\/script>\n<!-- \/ Yoast SEO plugin. -->","yoast_head_json":{"title":"Dizolei\u00f1 ar sonerezh, kan evit ar vugale... ataliero\u00f9 sonerezh evit ar re yaouanka\u00f1\u00a0get Sonam\u2019 ! - Sonam&#039; - Skol Sonerezh","robots":{"index":"index","follow":"follow","max-snippet":"max-snippet:-1","max-image-preview":"max-image-preview:large","max-video-preview":"max-video-preview:-1"},"canonical":"https:\/\/sonam.bzh\/2025\/08\/15\/eveil-musical-decouverte-chant-pour-enfants-des-ateliers-de-musique-pour-les-plus-jeunes-a-sonam-ecole-de-musique-2\/","og_locale":"en_US","og_type":"article","og_title":"Dizolei\u00f1 ar sonerezh, kan evit ar vugale... ataliero\u00f9 sonerezh evit ar re yaouanka\u00f1\u00a0get Sonam\u2019 ! - Sonam&#039; - Skol Sonerezh","og_description":"Sonam\u2019 skol sonerezh (Kervignag, Porzh-Loeiz, Rianteg, Lokmikaelig, Santez-Elen, Lostenk, Pleheneg), a gennig ataliero\u00f9 sonerezh a-stroll evit ar vugale vihan : &nbsp; Dizolei\u00f1 ar sonerezh : 6 atalier (palio\u00f9 pedagogel e diaz ar bajenn) -Kervignag (Kernourz, sal liesimplij), d&rsquo;ar Yaou da 5e30. -Kervignag (bourc&rsquo;h, ti ar c&rsquo;hevredigezhio\u00f9), d&rsquo;ar Merc&rsquo;her da 11e. -Porzh-Loeiz (4 ru ar sitadell, [&hellip;]","og_url":"https:\/\/sonam.bzh\/2025\/08\/15\/eveil-musical-decouverte-chant-pour-enfants-des-ateliers-de-musique-pour-les-plus-jeunes-a-sonam-ecole-de-musique-2\/","og_site_name":"Sonam&#039; - Skol Sonerezh","article_publisher":"https:\/\/www.facebook.com\/SonamEcoleDeMusique\/","article_published_time":"2025-08-15T08:02:42+00:00","article_modified_time":"2025-09-08T08:22:25+00:00","og_image":[{"width":3484,"height":1957,"url":"https:\/\/sonam.bzh\/WP\/wp-content\/uploads\/2019\/09\/Photo-S.-Gocsei-site.jpg","type":"image\/jpeg"}],"author":"Nicolas","twitter_card":"summary_large_image","twitter_misc":{"Written by":"Nicolas","Est. reading time":"2 minutes"},"schema":{"@context":"https:\/\/schema.org","@graph":[{"@type":"Article","@id":"https:\/\/sonam.bzh\/2025\/08\/15\/eveil-musical-decouverte-chant-pour-enfants-des-ateliers-de-musique-pour-les-plus-jeunes-a-sonam-ecole-de-musique-2\/#article","isPartOf":{"@id":"https:\/\/sonam.bzh\/2025\/08\/15\/eveil-musical-decouverte-chant-pour-enfants-des-ateliers-de-musique-pour-les-plus-jeunes-a-sonam-ecole-de-musique-2\/"},"author":{"name":"Nicolas","@id":"https:\/\/sonam.bzh\/#\/schema\/person\/640218b6626942d12cfb20b57b5f47dd"},"headline":"Dizolei\u00f1 ar sonerezh, kan evit ar vugale&#8230; ataliero\u00f9 sonerezh evit ar re yaouanka\u00f1\u00a0get Sonam\u2019 !","datePublished":"2025-08-15T08:02:42+00:00","dateModified":"2025-09-08T08:22:25+00:00","mainEntityOfPage":{"@id":"https:\/\/sonam.bzh\/2025\/08\/15\/eveil-musical-decouverte-chant-pour-enfants-des-ateliers-de-musique-pour-les-plus-jeunes-a-sonam-ecole-de-musique-2\/"},"wordCount":1373,"commentCount":0,"image":{"@id":"https:\/\/sonam.bzh\/2025\/08\/15\/eveil-musical-decouverte-chant-pour-enfants-des-ateliers-de-musique-pour-les-plus-jeunes-a-sonam-ecole-de-musique-2\/#primaryimage"},"thumbnailUrl":"https:\/\/sonam.bzh\/WP\/wp-content\/uploads\/2019\/09\/Photo-S.-Gocsei-site.jpg","articleSection":["Kentelio\u00f9 hag ataliero\u00f9"],"inLanguage":"br","potentialAction":[{"@type":"CommentAction","name":"Comment","target":["https:\/\/sonam.bzh\/2025\/08\/15\/eveil-musical-decouverte-chant-pour-enfants-des-ateliers-de-musique-pour-les-plus-jeunes-a-sonam-ecole-de-musique-2\/#respond"]}]},{"@type":"WebPage","@id":"https:\/\/sonam.bzh\/2025\/08\/15\/eveil-musical-decouverte-chant-pour-enfants-des-ateliers-de-musique-pour-les-plus-jeunes-a-sonam-ecole-de-musique-2\/","url":"https:\/\/sonam.bzh\/2025\/08\/15\/eveil-musical-decouverte-chant-pour-enfants-des-ateliers-de-musique-pour-les-plus-jeunes-a-sonam-ecole-de-musique-2\/","name":"Dizolei\u00f1 ar sonerezh, kan evit ar vugale... ataliero\u00f9 sonerezh evit ar re yaouanka\u00f1\u00a0get Sonam\u2019 ! - Sonam&#039; - Skol Sonerezh","isPartOf":{"@id":"https:\/\/sonam.bzh\/#website"},"primaryImageOfPage":{"@id":"https:\/\/sonam.bzh\/2025\/08\/15\/eveil-musical-decouverte-chant-pour-enfants-des-ateliers-de-musique-pour-les-plus-jeunes-a-sonam-ecole-de-musique-2\/#primaryimage"},"image":{"@id":"https:\/\/sonam.bzh\/2025\/08\/15\/eveil-musical-decouverte-chant-pour-enfants-des-ateliers-de-musique-pour-les-plus-jeunes-a-sonam-ecole-de-musique-2\/#primaryimage"},"thumbnailUrl":"https:\/\/sonam.bzh\/WP\/wp-content\/uploads\/2019\/09\/Photo-S.-Gocsei-site.jpg","datePublished":"2025-08-15T08:02:42+00:00","dateModified":"2025-09-08T08:22:25+00:00","author":{"@id":"https:\/\/sonam.bzh\/#\/schema\/person\/640218b6626942d12cfb20b57b5f47dd"},"breadcrumb":{"@id":"https:\/\/sonam.bzh\/2025\/08\/15\/eveil-musical-decouverte-chant-pour-enfants-des-ateliers-de-musique-pour-les-plus-jeunes-a-sonam-ecole-de-musique-2\/#breadcrumb"},"inLanguage":"br","potentialAction":[{"@type":"ReadAction","target":["https:\/\/sonam.bzh\/2025\/08\/15\/eveil-musical-decouverte-chant-pour-enfants-des-ateliers-de-musique-pour-les-plus-jeunes-a-sonam-ecole-de-musique-2\/"]}]},{"@type":"ImageObject","inLanguage":"br","@id":"https:\/\/sonam.bzh\/2025\/08\/15\/eveil-musical-decouverte-chant-pour-enfants-des-ateliers-de-musique-pour-les-plus-jeunes-a-sonam-ecole-de-musique-2\/#primaryimage","url":"https:\/\/sonam.bzh\/WP\/wp-content\/uploads\/2019\/09\/Photo-S.-Gocsei-site.jpg","contentUrl":"https:\/\/sonam.bzh\/WP\/wp-content\/uploads\/2019\/09\/Photo-S.-Gocsei-site.jpg","width":3484,"height":1957},{"@type":"BreadcrumbList","@id":"https:\/\/sonam.bzh\/2025\/08\/15\/eveil-musical-decouverte-chant-pour-enfants-des-ateliers-de-musique-pour-les-plus-jeunes-a-sonam-ecole-de-musique-2\/#breadcrumb","itemListElement":[{"@type":"ListItem","position":1,"name":"Accueil","item":"https:\/\/sonam.bzh\/"},{"@type":"ListItem","position":2,"name":"Eveil musical, d\u00e9couverte, chant pour enfants\u2026 des ateliers de musique pour les plus jeunes \u00e0 Sonam\u2019 \u00e9cole de musique !"}]},{"@type":"WebSite","@id":"https:\/\/sonam.bzh\/#website","url":"https:\/\/sonam.bzh\/","name":"Sonam - Ecole de Musique","description":"Sonam&#039; - Skol Sonerezh","potentialAction":[{"@type":"SearchAction","target":{"@type":"EntryPoint","urlTemplate":"https:\/\/sonam.bzh\/?s={search_term_string}"},"query-input":{"@type":"PropertyValueSpecification","valueRequired":true,"valueName":"search_term_string"}}],"inLanguage":"br"},{"@type":"Person","@id":"https:\/\/sonam.bzh\/#\/schema\/person\/640218b6626942d12cfb20b57b5f47dd","name":"Nicolas","image":{"@type":"ImageObject","inLanguage":"br","@id":"\/\/www.gravatar.com\/avatar\/eb57aa1f6aca800af67972a72a6c397a?s=96&#038;r=g&#038;d=mm","url":"\/\/www.gravatar.com\/avatar\/eb57aa1f6aca800af67972a72a6c397a?s=96&#038;r=g&#038;d=mm","contentUrl":"\/\/www.gravatar.com\/avatar\/eb57aa1f6aca800af67972a72a6c397a?s=96&#038;r=g&#038;d=mm","caption":"Nicolas"}}]}},"jetpack_featured_media_url":"https:\/\/sonam.bzh\/WP\/wp-content\/uploads\/2019\/09\/Photo-S.-Gocsei-site.jpg","jetpack_sharing_enabled":true,"_links":{"self":[{"href":"https:\/\/sonam.bzh\/br\/wp-json\/wp\/v2\/posts\/997","targetHints":{"allow":["GET"]}}],"collection":[{"href":"https:\/\/sonam.bzh\/br\/wp-json\/wp\/v2\/posts"}],"about":[{"href":"https:\/\/sonam.bzh\/br\/wp-json\/wp\/v2\/types\/post"}],"author":[{"embeddable":true,"href":"https:\/\/sonam.bzh\/br\/wp-json\/wp\/v2\/users\/6"}],"replies":[{"embeddable":true,"href":"https:\/\/sonam.bzh\/br\/wp-json\/wp\/v2\/comments?post=997"}],"version-history":[{"count":0,"href":"https:\/\/sonam.bzh\/br\/wp-json\/wp\/v2\/posts\/997\/revisions"}],"wp:featuredmedia":[{"embeddable":true,"href":"https:\/\/sonam.bzh\/br\/wp-json\/wp\/v2\/media\/998"}],"wp:attachment":[{"href":"https:\/\/sonam.bzh\/br\/wp-json\/wp\/v2\/media?parent=997"}],"wp:term":[{"taxonomy":"category","embeddable":true,"href":"https:\/\/sonam.bzh\/br\/wp-json\/wp\/v2\/categories?post=997"},{"taxonomy":"post_tag","embeddable":true,"href":"https:\/\/sonam.bzh\/br\/wp-json\/wp\/v2\/tags?post=997"}],"curies":[{"name":"wp","href":"https:\/\/api.w.org\/{rel}","templated":true}]}}