{"id":970,"date":"2019-07-19T11:31:59","date_gmt":"2019-07-19T09:31:59","guid":{"rendered":"http:\/\/sonam.bzh\/?p=970"},"modified":"2019-11-01T23:06:26","modified_gmt":"2019-11-01T22:06:26","slug":"23-septembre-des-nouveautes-pour-la-rentree","status":"publish","type":"post","link":"https:\/\/sonam.bzh\/br\/2019\/07\/19\/23-septembre-des-nouveautes-pour-la-rentree\/","title":{"rendered":"23 a viz Gwenholo : trao\u00f9 nevez a-benn an distro-skol !"},"content":{"rendered":"<p class=\"qtranxs-available-languages-message qtranxs-available-languages-message-br\">non disponible For the sake of viewer convenience, the content is shown below in the alternative language. You may click the link to switch the active language.<\/p><p><\/p>\n<p><img loading=\"lazy\" decoding=\"async\" class=\"size-medium wp-image-971 alignleft\" style=\"font-weight: inherit\" src=\"http:\/\/sonam.bzh\/WP\/wp-content\/uploads\/2019\/07\/Photo-Sonam-300x225.jpg\" alt=\"\" width=\"300\" height=\"225\" srcset=\"https:\/\/sonam.bzh\/WP\/wp-content\/uploads\/2019\/07\/Photo-Sonam-300x225.jpg 300w, https:\/\/sonam.bzh\/WP\/wp-content\/uploads\/2019\/07\/Photo-Sonam-768x576.jpg 768w, https:\/\/sonam.bzh\/WP\/wp-content\/uploads\/2019\/07\/Photo-Sonam-1024x768.jpg 1024w, https:\/\/sonam.bzh\/WP\/wp-content\/uploads\/2019\/07\/Photo-Sonam.jpg 2048w\" sizes=\"auto, (max-width: 300px) 100vw, 300px\" \/>Cette ann\u00e9e la rentr\u00e9e de l\u2019\u00e9cole de musique Sonam\u2019 sera le 23 septembre\u00a0! Au\u00a0<span style=\"font-weight: inherit\">programme des nouveaut\u00e9s, du chant pour enfants et du violoncelle\u00a0!<\/span><\/p>\n<p>Notre enseignant de chant Koco proposera cette ann\u00e9e un atelier de chant pour enfants (Kervignac, le jeudi) et un nouvel atelier chant et technique vocale pour adultes en apr\u00e8s-midi (le vendredi, Port-Louis).<\/p>\n<p>Manon Le Querler proposera un atelier de chant en breton \u00e0 l\u2019attention des enfants scolaris\u00e9s en \u00e9cole bilingue, le mercredi \u00e0 Kernours.<\/p>\n<p>Ronan Pinc vous proposera lui des cours de violoncelle&#8230;cet instrument n\u2019\u00e9tait pas encore enseign\u00e9 \u00e0 Sonam\u2019&#8230;\u00e7a va faire du bruit dans l\u2019ancien canton d\u2019Port-Louis\u00a0! Ronan m\u00e8nera \u00e9galement de son ferme archet un atelier de cordes frott\u00e9es (violons, altos, violoncelles, contrebasses,&#8230;)<\/p>\n<p><\/p>","protected":false},"excerpt":{"rendered":"<p>non disponible For the sake of viewer convenience, the content is shown below in the alternative language. You may click the link to switch the active language. Cette ann\u00e9e la rentr\u00e9e de l\u2019\u00e9cole de musique Sonam\u2019 sera le 23 septembre\u00a0! Au\u00a0programme des nouveaut\u00e9s, du chant pour enfants et du violoncelle\u00a0! Notre enseignant de chant Koco [&hellip;]<\/p>\n","protected":false},"author":6,"featured_media":0,"comment_status":"open","ping_status":"open","sticky":false,"template":"","format":"standard","meta":{"_bbp_topic_count":0,"_bbp_reply_count":0,"_bbp_total_topic_count":0,"_bbp_total_reply_count":0,"_bbp_voice_count":0,"_bbp_anonymous_reply_count":0,"_bbp_topic_count_hidden":0,"_bbp_reply_count_hidden":0,"_bbp_forum_subforum_count":0,"ngg_post_thumbnail":0,"_jetpack_memberships_contains_paid_content":false,"footnotes":""},"categories":[1],"tags":[],"class_list":{"0":"post-970","1":"post","2":"type-post","3":"status-publish","4":"format-standard","6":"category-non-classe","7":"czr-hentry"},"yoast_head":"<!-- This site is optimized with the Yoast SEO plugin v27.4 - https:\/\/yoast.com\/product\/yoast-seo-wordpress\/ -->\n<title>23 a viz Gwenholo : trao\u00f9 nevez a-benn an distro-skol ! - Sonam&#039; - Skol Sonerezh<\/title>\n<meta name=\"robots\" content=\"index, follow, max-snippet:-1, max-image-preview:large, max-video-preview:-1\" \/>\n<link rel=\"canonical\" href=\"https:\/\/sonam.bzh\/2019\/07\/19\/23-septembre-des-nouveautes-pour-la-rentree\/\" class=\"yoast-seo-meta-tag\" \/>\n<meta property=\"og:locale\" content=\"en_US\" class=\"yoast-seo-meta-tag\" \/>\n<meta property=\"og:type\" content=\"article\" class=\"yoast-seo-meta-tag\" \/>\n<meta property=\"og:title\" content=\"23 a viz Gwenholo : trao\u00f9 nevez a-benn an distro-skol ! - Sonam&#039; - Skol Sonerezh\" class=\"yoast-seo-meta-tag\" \/>\n<meta property=\"og:description\" content=\"non disponible For the sake of viewer convenience, the content is shown below in the alternative language. You may click the link to switch the active language. Cette ann\u00e9e la rentr\u00e9e de l\u2019\u00e9cole de musique Sonam\u2019 sera le 23 septembre\u00a0! Au\u00a0programme des nouveaut\u00e9s, du chant pour enfants et du violoncelle\u00a0! Notre enseignant de chant Koco [&hellip;]\" class=\"yoast-seo-meta-tag\" \/>\n<meta property=\"og:url\" content=\"https:\/\/sonam.bzh\/2019\/07\/19\/23-septembre-des-nouveautes-pour-la-rentree\/\" class=\"yoast-seo-meta-tag\" \/>\n<meta property=\"og:site_name\" content=\"Sonam&#039; - Skol Sonerezh\" class=\"yoast-seo-meta-tag\" \/>\n<meta property=\"article:publisher\" content=\"https:\/\/www.facebook.com\/SonamEcoleDeMusique\/\" class=\"yoast-seo-meta-tag\" \/>\n<meta property=\"article:published_time\" content=\"2019-07-19T09:31:59+00:00\" class=\"yoast-seo-meta-tag\" \/>\n<meta property=\"article:modified_time\" content=\"2019-11-01T22:06:26+00:00\" class=\"yoast-seo-meta-tag\" \/>\n<meta property=\"og:image\" content=\"http:\/\/sonam.bzh\/WP\/wp-content\/uploads\/2019\/07\/Photo-Sonam-300x225.jpg\" class=\"yoast-seo-meta-tag\" \/>\n<meta name=\"author\" content=\"Nicolas\" class=\"yoast-seo-meta-tag\" \/>\n<meta name=\"twitter:card\" content=\"summary_large_image\" class=\"yoast-seo-meta-tag\" \/>\n<meta name=\"twitter:label1\" content=\"Written by\" class=\"yoast-seo-meta-tag\" \/>\n\t<meta name=\"twitter:data1\" content=\"Nicolas\" class=\"yoast-seo-meta-tag\" \/>\n\t<meta name=\"twitter:label2\" content=\"Est. reading time\" class=\"yoast-seo-meta-tag\" \/>\n\t<meta name=\"twitter:data2\" content=\"1 minute\" class=\"yoast-seo-meta-tag\" \/>\n<script type=\"application\/ld+json\" class=\"yoast-schema-graph\">{\"@context\":\"https:\\\/\\\/schema.org\",\"@graph\":[{\"@type\":\"Article\",\"@id\":\"https:\\\/\\\/sonam.bzh\\\/2019\\\/07\\\/19\\\/23-septembre-des-nouveautes-pour-la-rentree\\\/#article\",\"isPartOf\":{\"@id\":\"https:\\\/\\\/sonam.bzh\\\/2019\\\/07\\\/19\\\/23-septembre-des-nouveautes-pour-la-rentree\\\/\"},\"author\":{\"name\":\"Nicolas\",\"@id\":\"https:\\\/\\\/sonam.bzh\\\/#\\\/schema\\\/person\\\/640218b6626942d12cfb20b57b5f47dd\"},\"headline\":\"23 a viz Gwenholo : trao\u00f9 nevez a-benn an distro-skol !\",\"datePublished\":\"2019-07-19T09:31:59+00:00\",\"dateModified\":\"2019-11-01T22:06:26+00:00\",\"mainEntityOfPage\":{\"@id\":\"https:\\\/\\\/sonam.bzh\\\/2019\\\/07\\\/19\\\/23-septembre-des-nouveautes-pour-la-rentree\\\/\"},\"wordCount\":148,\"commentCount\":0,\"image\":{\"@id\":\"https:\\\/\\\/sonam.bzh\\\/2019\\\/07\\\/19\\\/23-septembre-des-nouveautes-pour-la-rentree\\\/#primaryimage\"},\"thumbnailUrl\":\"http:\\\/\\\/sonam.bzh\\\/WP\\\/wp-content\\\/uploads\\\/2019\\\/07\\\/Photo-Sonam-300x225.jpg\",\"inLanguage\":\"br\",\"potentialAction\":[{\"@type\":\"CommentAction\",\"name\":\"Comment\",\"target\":[\"https:\\\/\\\/sonam.bzh\\\/2019\\\/07\\\/19\\\/23-septembre-des-nouveautes-pour-la-rentree\\\/#respond\"]}]},{\"@type\":\"WebPage\",\"@id\":\"https:\\\/\\\/sonam.bzh\\\/2019\\\/07\\\/19\\\/23-septembre-des-nouveautes-pour-la-rentree\\\/\",\"url\":\"https:\\\/\\\/sonam.bzh\\\/2019\\\/07\\\/19\\\/23-septembre-des-nouveautes-pour-la-rentree\\\/\",\"name\":\"23 a viz Gwenholo : trao\u00f9 nevez a-benn an distro-skol ! - Sonam&#039; - Skol Sonerezh\",\"isPartOf\":{\"@id\":\"https:\\\/\\\/sonam.bzh\\\/#website\"},\"primaryImageOfPage\":{\"@id\":\"https:\\\/\\\/sonam.bzh\\\/2019\\\/07\\\/19\\\/23-septembre-des-nouveautes-pour-la-rentree\\\/#primaryimage\"},\"image\":{\"@id\":\"https:\\\/\\\/sonam.bzh\\\/2019\\\/07\\\/19\\\/23-septembre-des-nouveautes-pour-la-rentree\\\/#primaryimage\"},\"thumbnailUrl\":\"http:\\\/\\\/sonam.bzh\\\/WP\\\/wp-content\\\/uploads\\\/2019\\\/07\\\/Photo-Sonam-300x225.jpg\",\"datePublished\":\"2019-07-19T09:31:59+00:00\",\"dateModified\":\"2019-11-01T22:06:26+00:00\",\"author\":{\"@id\":\"https:\\\/\\\/sonam.bzh\\\/#\\\/schema\\\/person\\\/640218b6626942d12cfb20b57b5f47dd\"},\"breadcrumb\":{\"@id\":\"https:\\\/\\\/sonam.bzh\\\/2019\\\/07\\\/19\\\/23-septembre-des-nouveautes-pour-la-rentree\\\/#breadcrumb\"},\"inLanguage\":\"br\",\"potentialAction\":[{\"@type\":\"ReadAction\",\"target\":[\"https:\\\/\\\/sonam.bzh\\\/2019\\\/07\\\/19\\\/23-septembre-des-nouveautes-pour-la-rentree\\\/\"]}]},{\"@type\":\"ImageObject\",\"inLanguage\":\"br\",\"@id\":\"https:\\\/\\\/sonam.bzh\\\/2019\\\/07\\\/19\\\/23-septembre-des-nouveautes-pour-la-rentree\\\/#primaryimage\",\"url\":\"http:\\\/\\\/sonam.bzh\\\/WP\\\/wp-content\\\/uploads\\\/2019\\\/07\\\/Photo-Sonam-300x225.jpg\",\"contentUrl\":\"http:\\\/\\\/sonam.bzh\\\/WP\\\/wp-content\\\/uploads\\\/2019\\\/07\\\/Photo-Sonam-300x225.jpg\"},{\"@type\":\"BreadcrumbList\",\"@id\":\"https:\\\/\\\/sonam.bzh\\\/2019\\\/07\\\/19\\\/23-septembre-des-nouveautes-pour-la-rentree\\\/#breadcrumb\",\"itemListElement\":[{\"@type\":\"ListItem\",\"position\":1,\"name\":\"Accueil\",\"item\":\"https:\\\/\\\/sonam.bzh\\\/\"},{\"@type\":\"ListItem\",\"position\":2,\"name\":\"23 septembre\u00a0: des nouveaut\u00e9s pour la rentr\u00e9e\u00a0!\"}]},{\"@type\":\"WebSite\",\"@id\":\"https:\\\/\\\/sonam.bzh\\\/#website\",\"url\":\"https:\\\/\\\/sonam.bzh\\\/\",\"name\":\"Sonam - Ecole de Musique\",\"description\":\"Sonam&#039; - Skol Sonerezh\",\"potentialAction\":[{\"@type\":\"SearchAction\",\"target\":{\"@type\":\"EntryPoint\",\"urlTemplate\":\"https:\\\/\\\/sonam.bzh\\\/?s={search_term_string}\"},\"query-input\":{\"@type\":\"PropertyValueSpecification\",\"valueRequired\":true,\"valueName\":\"search_term_string\"}}],\"inLanguage\":\"br\"},{\"@type\":\"Person\",\"@id\":\"https:\\\/\\\/sonam.bzh\\\/#\\\/schema\\\/person\\\/640218b6626942d12cfb20b57b5f47dd\",\"name\":\"Nicolas\",\"image\":{\"@type\":\"ImageObject\",\"inLanguage\":\"br\",\"@id\":\"\\\/\\\/www.gravatar.com\\\/avatar\\\/eb57aa1f6aca800af67972a72a6c397a?s=96&#038;r=g&#038;d=mm\",\"url\":\"\\\/\\\/www.gravatar.com\\\/avatar\\\/eb57aa1f6aca800af67972a72a6c397a?s=96&#038;r=g&#038;d=mm\",\"contentUrl\":\"\\\/\\\/www.gravatar.com\\\/avatar\\\/eb57aa1f6aca800af67972a72a6c397a?s=96&#038;r=g&#038;d=mm\",\"caption\":\"Nicolas\"}}]}<\/script>\n<!-- \/ Yoast SEO plugin. -->","yoast_head_json":{"title":"23 a viz Gwenholo : trao\u00f9 nevez a-benn an distro-skol ! - Sonam&#039; - Skol Sonerezh","robots":{"index":"index","follow":"follow","max-snippet":"max-snippet:-1","max-image-preview":"max-image-preview:large","max-video-preview":"max-video-preview:-1"},"canonical":"https:\/\/sonam.bzh\/2019\/07\/19\/23-septembre-des-nouveautes-pour-la-rentree\/","og_locale":"en_US","og_type":"article","og_title":"23 a viz Gwenholo : trao\u00f9 nevez a-benn an distro-skol ! - Sonam&#039; - Skol Sonerezh","og_description":"non disponible For the sake of viewer convenience, the content is shown below in the alternative language. You may click the link to switch the active language. Cette ann\u00e9e la rentr\u00e9e de l\u2019\u00e9cole de musique Sonam\u2019 sera le 23 septembre\u00a0! Au\u00a0programme des nouveaut\u00e9s, du chant pour enfants et du violoncelle\u00a0! Notre enseignant de chant Koco [&hellip;]","og_url":"https:\/\/sonam.bzh\/2019\/07\/19\/23-septembre-des-nouveautes-pour-la-rentree\/","og_site_name":"Sonam&#039; - Skol Sonerezh","article_publisher":"https:\/\/www.facebook.com\/SonamEcoleDeMusique\/","article_published_time":"2019-07-19T09:31:59+00:00","article_modified_time":"2019-11-01T22:06:26+00:00","og_image":[{"url":"http:\/\/sonam.bzh\/WP\/wp-content\/uploads\/2019\/07\/Photo-Sonam-300x225.jpg","type":"","width":"","height":""}],"author":"Nicolas","twitter_card":"summary_large_image","twitter_misc":{"Written by":"Nicolas","Est. reading time":"1 minute"},"schema":{"@context":"https:\/\/schema.org","@graph":[{"@type":"Article","@id":"https:\/\/sonam.bzh\/2019\/07\/19\/23-septembre-des-nouveautes-pour-la-rentree\/#article","isPartOf":{"@id":"https:\/\/sonam.bzh\/2019\/07\/19\/23-septembre-des-nouveautes-pour-la-rentree\/"},"author":{"name":"Nicolas","@id":"https:\/\/sonam.bzh\/#\/schema\/person\/640218b6626942d12cfb20b57b5f47dd"},"headline":"23 a viz Gwenholo : trao\u00f9 nevez a-benn an distro-skol !","datePublished":"2019-07-19T09:31:59+00:00","dateModified":"2019-11-01T22:06:26+00:00","mainEntityOfPage":{"@id":"https:\/\/sonam.bzh\/2019\/07\/19\/23-septembre-des-nouveautes-pour-la-rentree\/"},"wordCount":148,"commentCount":0,"image":{"@id":"https:\/\/sonam.bzh\/2019\/07\/19\/23-septembre-des-nouveautes-pour-la-rentree\/#primaryimage"},"thumbnailUrl":"http:\/\/sonam.bzh\/WP\/wp-content\/uploads\/2019\/07\/Photo-Sonam-300x225.jpg","inLanguage":"br","potentialAction":[{"@type":"CommentAction","name":"Comment","target":["https:\/\/sonam.bzh\/2019\/07\/19\/23-septembre-des-nouveautes-pour-la-rentree\/#respond"]}]},{"@type":"WebPage","@id":"https:\/\/sonam.bzh\/2019\/07\/19\/23-septembre-des-nouveautes-pour-la-rentree\/","url":"https:\/\/sonam.bzh\/2019\/07\/19\/23-septembre-des-nouveautes-pour-la-rentree\/","name":"23 a viz Gwenholo : trao\u00f9 nevez a-benn an distro-skol ! - Sonam&#039; - Skol Sonerezh","isPartOf":{"@id":"https:\/\/sonam.bzh\/#website"},"primaryImageOfPage":{"@id":"https:\/\/sonam.bzh\/2019\/07\/19\/23-septembre-des-nouveautes-pour-la-rentree\/#primaryimage"},"image":{"@id":"https:\/\/sonam.bzh\/2019\/07\/19\/23-septembre-des-nouveautes-pour-la-rentree\/#primaryimage"},"thumbnailUrl":"http:\/\/sonam.bzh\/WP\/wp-content\/uploads\/2019\/07\/Photo-Sonam-300x225.jpg","datePublished":"2019-07-19T09:31:59+00:00","dateModified":"2019-11-01T22:06:26+00:00","author":{"@id":"https:\/\/sonam.bzh\/#\/schema\/person\/640218b6626942d12cfb20b57b5f47dd"},"breadcrumb":{"@id":"https:\/\/sonam.bzh\/2019\/07\/19\/23-septembre-des-nouveautes-pour-la-rentree\/#breadcrumb"},"inLanguage":"br","potentialAction":[{"@type":"ReadAction","target":["https:\/\/sonam.bzh\/2019\/07\/19\/23-septembre-des-nouveautes-pour-la-rentree\/"]}]},{"@type":"ImageObject","inLanguage":"br","@id":"https:\/\/sonam.bzh\/2019\/07\/19\/23-septembre-des-nouveautes-pour-la-rentree\/#primaryimage","url":"http:\/\/sonam.bzh\/WP\/wp-content\/uploads\/2019\/07\/Photo-Sonam-300x225.jpg","contentUrl":"http:\/\/sonam.bzh\/WP\/wp-content\/uploads\/2019\/07\/Photo-Sonam-300x225.jpg"},{"@type":"BreadcrumbList","@id":"https:\/\/sonam.bzh\/2019\/07\/19\/23-septembre-des-nouveautes-pour-la-rentree\/#breadcrumb","itemListElement":[{"@type":"ListItem","position":1,"name":"Accueil","item":"https:\/\/sonam.bzh\/"},{"@type":"ListItem","position":2,"name":"23 septembre\u00a0: des nouveaut\u00e9s pour la rentr\u00e9e\u00a0!"}]},{"@type":"WebSite","@id":"https:\/\/sonam.bzh\/#website","url":"https:\/\/sonam.bzh\/","name":"Sonam - Ecole de Musique","description":"Sonam&#039; - Skol Sonerezh","potentialAction":[{"@type":"SearchAction","target":{"@type":"EntryPoint","urlTemplate":"https:\/\/sonam.bzh\/?s={search_term_string}"},"query-input":{"@type":"PropertyValueSpecification","valueRequired":true,"valueName":"search_term_string"}}],"inLanguage":"br"},{"@type":"Person","@id":"https:\/\/sonam.bzh\/#\/schema\/person\/640218b6626942d12cfb20b57b5f47dd","name":"Nicolas","image":{"@type":"ImageObject","inLanguage":"br","@id":"\/\/www.gravatar.com\/avatar\/eb57aa1f6aca800af67972a72a6c397a?s=96&#038;r=g&#038;d=mm","url":"\/\/www.gravatar.com\/avatar\/eb57aa1f6aca800af67972a72a6c397a?s=96&#038;r=g&#038;d=mm","contentUrl":"\/\/www.gravatar.com\/avatar\/eb57aa1f6aca800af67972a72a6c397a?s=96&#038;r=g&#038;d=mm","caption":"Nicolas"}}]}},"jetpack_featured_media_url":"","jetpack_sharing_enabled":true,"_links":{"self":[{"href":"https:\/\/sonam.bzh\/br\/wp-json\/wp\/v2\/posts\/970","targetHints":{"allow":["GET"]}}],"collection":[{"href":"https:\/\/sonam.bzh\/br\/wp-json\/wp\/v2\/posts"}],"about":[{"href":"https:\/\/sonam.bzh\/br\/wp-json\/wp\/v2\/types\/post"}],"author":[{"embeddable":true,"href":"https:\/\/sonam.bzh\/br\/wp-json\/wp\/v2\/users\/6"}],"replies":[{"embeddable":true,"href":"https:\/\/sonam.bzh\/br\/wp-json\/wp\/v2\/comments?post=970"}],"version-history":[{"count":0,"href":"https:\/\/sonam.bzh\/br\/wp-json\/wp\/v2\/posts\/970\/revisions"}],"wp:attachment":[{"href":"https:\/\/sonam.bzh\/br\/wp-json\/wp\/v2\/media?parent=970"}],"wp:term":[{"taxonomy":"category","embeddable":true,"href":"https:\/\/sonam.bzh\/br\/wp-json\/wp\/v2\/categories?post=970"},{"taxonomy":"post_tag","embeddable":true,"href":"https:\/\/sonam.bzh\/br\/wp-json\/wp\/v2\/tags?post=970"}],"curies":[{"name":"wp","href":"https:\/\/api.w.org\/{rel}","templated":true}]}}