{"id":2222,"date":"2026-08-30T06:50:36","date_gmt":"2026-08-30T04:50:36","guid":{"rendered":"https:\/\/sonam.bzh\/?p=2222"},"modified":"2026-09-01T07:05:27","modified_gmt":"2026-09-01T05:05:27","slug":"nouveau-a-gavres-eveil-musical-piano-violoncelle","status":"publish","type":"post","link":"https:\/\/sonam.bzh\/br\/2026\/08\/30\/nouveau-a-gavres-eveil-musical-piano-violoncelle\/","title":{"rendered":"(Fran\u00e7ais) Nouveau \u00e0 G\u00e2vres: \u00e9veil musical, piano, violoncelle."},"content":{"rendered":"<p class=\"qtranxs-available-languages-message qtranxs-available-languages-message-br\">non disponible For the sake of viewer convenience, the content is shown below in the alternative language. You may click the link to switch the active language.<\/p><p><\/p>\n<p>De nouvelles propositions p\u00e9dagogiques sur la presqu&rsquo;\u00eele de G\u00e2vres.<\/p>\n<p>&nbsp;<\/p>\n<p>&nbsp;<\/p>\n<p>D\u00e8s cette rentr\u00e9e, l&rsquo;\u00e9cole d musique Sonam&rsquo; propose le mercredi matin des cours sur cette commune dynamique.\u00a0 Les mercredis matins, Marion Delorme sera pr\u00e9sente pour proposer un atelier d&rsquo;\u00e9veil musical pours 3-6ans, des cours de piano et de violoncelle.<\/p>\n<p>Marion Delorme est titulaire d&rsquo;Cipl\u00f4me d4etat , et est connue et reconnue sur le territoire\u00a0 pour les cours qu&rsquo;elle a men\u00e9 jusqu&rsquo;aujourd&rsquo;hui \u00e0 Port-Louis, Kervignac, Nostang et Sainte H\u00e9l\u00e8ne. Sa grande exp\u00e9rience, son envie de transmettre, sa qualit\u00e9 de contact lui permettent de dynamiser la vie musicale des communes o\u00f9 elle travaille.<\/p>\n<p><img loading=\"lazy\" decoding=\"async\" class=\"alignnone size-full wp-image-2223\" src=\"https:\/\/sonam.bzh\/WP\/wp-content\/uploads\/2026\/09\/Photo-Marion-Delorme-300x225-1.jpg\" alt=\"\" width=\"300\" height=\"225\" \/><\/p>\n<p><a href=\"https:\/\/sonam.bzh\/ecole-de-musique\/professeurs\/marion-delorme\/\">Marion Delorme<\/a> (plus d&rsquo;\u00e9l\u00e9ments dans le lien)<\/p>\n<p>Pour plus de renseignements: contact@sonam.bzh, 07 54 36 94 54 ou 45, et consulter les pages &laquo;&nbsp;Tarifs et inscriptions&nbsp;&raquo;, &laquo;&nbsp;Liste des enseignements&nbsp;&raquo; sur sonam.bzh.<\/p>\n<p><\/p>","protected":false},"excerpt":{"rendered":"<p>non disponible For the sake of viewer convenience, the content is shown below in the alternative language. You may click the link to switch the active language. De nouvelles propositions p\u00e9dagogiques sur la presqu&rsquo;\u00eele de G\u00e2vres. &nbsp; &nbsp; D\u00e8s cette rentr\u00e9e, l&rsquo;\u00e9cole d musique Sonam&rsquo; propose le mercredi matin des cours sur cette commune dynamique.\u00a0 [&hellip;]<\/p>\n","protected":false},"author":6,"featured_media":0,"comment_status":"closed","ping_status":"closed","sticky":false,"template":"","format":"standard","meta":{"_bbp_topic_count":0,"_bbp_reply_count":0,"_bbp_total_topic_count":0,"_bbp_total_reply_count":0,"_bbp_voice_count":0,"_bbp_anonymous_reply_count":0,"_bbp_topic_count_hidden":0,"_bbp_reply_count_hidden":0,"_bbp_forum_subforum_count":0,"ngg_post_thumbnail":0,"_jetpack_newsletter_access":"","_jetpack_dont_email_post_to_subs":false,"_jetpack_newsletter_tier_id":0,"_jetpack_memberships_contains_paywalled_content":false,"_jetpack_feature_clip_id":0,"_jetpack_memberships_contains_paid_content":false,"footnotes":"","jetpack_post_was_ever_published":false},"categories":[1],"tags":[],"class_list":["post-2222","post","type-post","status-publish","format-standard","category-non-classe","czr-hentry"],"yoast_head":"<!-- This site is optimized with the Yoast SEO plugin v28.3 - https:\/\/yoast.com\/product\/yoast-seo-wordpress\/ -->\n<title>(Fran\u00e7ais) Nouveau \u00e0 G\u00e2vres: \u00e9veil musical, piano, violoncelle. - Sonam&#039; - Skol Sonerezh<\/title>\n<meta name=\"robots\" content=\"index, follow, max-snippet:-1, max-image-preview:large, max-video-preview:-1\" \/>\n<link rel=\"canonical\" href=\"https:\/\/sonam.bzh\/2026\/08\/30\/nouveau-a-gavres-eveil-musical-piano-violoncelle\/\" class=\"yoast-seo-meta-tag\" \/>\n<meta property=\"og:locale\" content=\"en_US\" class=\"yoast-seo-meta-tag\" \/>\n<meta property=\"og:type\" content=\"article\" class=\"yoast-seo-meta-tag\" \/>\n<meta property=\"og:title\" content=\"(Fran\u00e7ais) Nouveau \u00e0 G\u00e2vres: \u00e9veil musical, piano, violoncelle. - Sonam&#039; - Skol Sonerezh\" class=\"yoast-seo-meta-tag\" \/>\n<meta property=\"og:description\" content=\"non disponible For the sake of viewer convenience, the content is shown below in the alternative language. You may click the link to switch the active language. De nouvelles propositions p\u00e9dagogiques sur la presqu&rsquo;\u00eele de G\u00e2vres. &nbsp; &nbsp; D\u00e8s cette rentr\u00e9e, l&rsquo;\u00e9cole d musique Sonam&rsquo; propose le mercredi matin des cours sur cette commune dynamique.\u00a0 [&hellip;]\" class=\"yoast-seo-meta-tag\" \/>\n<meta property=\"og:url\" content=\"https:\/\/sonam.bzh\/2026\/08\/30\/nouveau-a-gavres-eveil-musical-piano-violoncelle\/\" class=\"yoast-seo-meta-tag\" \/>\n<meta property=\"og:site_name\" content=\"Sonam&#039; - Skol Sonerezh\" class=\"yoast-seo-meta-tag\" \/>\n<meta property=\"article:publisher\" content=\"https:\/\/www.facebook.com\/SonamEcoleDeMusique\/\" class=\"yoast-seo-meta-tag\" \/>\n<meta property=\"article:published_time\" content=\"2026-08-30T04:50:36+00:00\" class=\"yoast-seo-meta-tag\" \/>\n<meta property=\"article:modified_time\" content=\"2026-09-01T05:05:27+00:00\" class=\"yoast-seo-meta-tag\" \/>\n<meta property=\"og:image\" content=\"https:\/\/sonam.bzh\/WP\/wp-content\/uploads\/2026\/09\/Photo-Marion-Delorme-300x225-1.jpg\" class=\"yoast-seo-meta-tag\" \/>\n\t<meta property=\"og:image:width\" content=\"300\" class=\"yoast-seo-meta-tag\" \/>\n\t<meta property=\"og:image:height\" content=\"225\" class=\"yoast-seo-meta-tag\" \/>\n\t<meta property=\"og:image:type\" content=\"image\/jpeg\" class=\"yoast-seo-meta-tag\" \/>\n<meta name=\"author\" content=\"Nicolas\" class=\"yoast-seo-meta-tag\" \/>\n<meta name=\"twitter:card\" content=\"summary_large_image\" class=\"yoast-seo-meta-tag\" \/>\n<meta name=\"twitter:label1\" content=\"Written by\" class=\"yoast-seo-meta-tag\" \/>\n\t<meta name=\"twitter:data1\" content=\"Nicolas\" class=\"yoast-seo-meta-tag\" \/>\n\t<meta name=\"twitter:label2\" content=\"Est. reading time\" class=\"yoast-seo-meta-tag\" \/>\n\t<meta name=\"twitter:data2\" content=\"1 minute\" class=\"yoast-seo-meta-tag\" \/>\n<script type=\"application\/ld+json\" class=\"yoast-schema-graph\">{\"@context\":\"https:\\\/\\\/schema.org\",\"@graph\":[{\"@type\":\"Article\",\"@id\":\"https:\\\/\\\/sonam.bzh\\\/2026\\\/08\\\/30\\\/nouveau-a-gavres-eveil-musical-piano-violoncelle\\\/#article\",\"isPartOf\":{\"@id\":\"https:\\\/\\\/sonam.bzh\\\/2026\\\/08\\\/30\\\/nouveau-a-gavres-eveil-musical-piano-violoncelle\\\/\"},\"author\":{\"name\":\"Nicolas\",\"@id\":\"https:\\\/\\\/sonam.bzh\\\/#\\\/schema\\\/person\\\/640218b6626942d12cfb20b57b5f47dd\"},\"headline\":\"(Fran\u00e7ais) Nouveau \u00e0 G\u00e2vres: \u00e9veil musical, piano, violoncelle.\",\"datePublished\":\"2026-08-30T04:50:36+00:00\",\"dateModified\":\"2026-09-01T05:05:27+00:00\",\"mainEntityOfPage\":{\"@id\":\"https:\\\/\\\/sonam.bzh\\\/2026\\\/08\\\/30\\\/nouveau-a-gavres-eveil-musical-piano-violoncelle\\\/\"},\"wordCount\":153,\"image\":{\"@id\":\"https:\\\/\\\/sonam.bzh\\\/2026\\\/08\\\/30\\\/nouveau-a-gavres-eveil-musical-piano-violoncelle\\\/#primaryimage\"},\"thumbnailUrl\":\"https:\\\/\\\/sonam.bzh\\\/WP\\\/wp-content\\\/uploads\\\/2026\\\/09\\\/Photo-Marion-Delorme-300x225-1.jpg\",\"inLanguage\":\"br\"},{\"@type\":\"WebPage\",\"@id\":\"https:\\\/\\\/sonam.bzh\\\/2026\\\/08\\\/30\\\/nouveau-a-gavres-eveil-musical-piano-violoncelle\\\/\",\"url\":\"https:\\\/\\\/sonam.bzh\\\/2026\\\/08\\\/30\\\/nouveau-a-gavres-eveil-musical-piano-violoncelle\\\/\",\"name\":\"(Fran\u00e7ais) Nouveau \u00e0 G\u00e2vres: \u00e9veil musical, piano, violoncelle. - Sonam&#039; - Skol Sonerezh\",\"isPartOf\":{\"@id\":\"https:\\\/\\\/sonam.bzh\\\/#website\"},\"primaryImageOfPage\":{\"@id\":\"https:\\\/\\\/sonam.bzh\\\/2026\\\/08\\\/30\\\/nouveau-a-gavres-eveil-musical-piano-violoncelle\\\/#primaryimage\"},\"image\":{\"@id\":\"https:\\\/\\\/sonam.bzh\\\/2026\\\/08\\\/30\\\/nouveau-a-gavres-eveil-musical-piano-violoncelle\\\/#primaryimage\"},\"thumbnailUrl\":\"https:\\\/\\\/sonam.bzh\\\/WP\\\/wp-content\\\/uploads\\\/2026\\\/09\\\/Photo-Marion-Delorme-300x225-1.jpg\",\"datePublished\":\"2026-08-30T04:50:36+00:00\",\"dateModified\":\"2026-09-01T05:05:27+00:00\",\"author\":{\"@id\":\"https:\\\/\\\/sonam.bzh\\\/#\\\/schema\\\/person\\\/640218b6626942d12cfb20b57b5f47dd\"},\"breadcrumb\":{\"@id\":\"https:\\\/\\\/sonam.bzh\\\/2026\\\/08\\\/30\\\/nouveau-a-gavres-eveil-musical-piano-violoncelle\\\/#breadcrumb\"},\"inLanguage\":\"br\",\"potentialAction\":[{\"@type\":\"ReadAction\",\"target\":[\"https:\\\/\\\/sonam.bzh\\\/2026\\\/08\\\/30\\\/nouveau-a-gavres-eveil-musical-piano-violoncelle\\\/\"]}]},{\"@type\":\"ImageObject\",\"inLanguage\":\"br\",\"@id\":\"https:\\\/\\\/sonam.bzh\\\/2026\\\/08\\\/30\\\/nouveau-a-gavres-eveil-musical-piano-violoncelle\\\/#primaryimage\",\"url\":\"https:\\\/\\\/sonam.bzh\\\/WP\\\/wp-content\\\/uploads\\\/2026\\\/09\\\/Photo-Marion-Delorme-300x225-1.jpg\",\"contentUrl\":\"https:\\\/\\\/sonam.bzh\\\/WP\\\/wp-content\\\/uploads\\\/2026\\\/09\\\/Photo-Marion-Delorme-300x225-1.jpg\"},{\"@type\":\"BreadcrumbList\",\"@id\":\"https:\\\/\\\/sonam.bzh\\\/2026\\\/08\\\/30\\\/nouveau-a-gavres-eveil-musical-piano-violoncelle\\\/#breadcrumb\",\"itemListElement\":[{\"@type\":\"ListItem\",\"position\":1,\"name\":\"Accueil\",\"item\":\"https:\\\/\\\/sonam.bzh\\\/\"},{\"@type\":\"ListItem\",\"position\":2,\"name\":\"Nouveau \u00e0 G\u00e2vres: \u00e9veil musical, piano, violoncelle.\"}]},{\"@type\":\"WebSite\",\"@id\":\"https:\\\/\\\/sonam.bzh\\\/#website\",\"url\":\"https:\\\/\\\/sonam.bzh\\\/\",\"name\":\"Sonam - Ecole de Musique\",\"description\":\"Sonam&#039; - Skol Sonerezh\",\"potentialAction\":[{\"@type\":\"SearchAction\",\"target\":{\"@type\":\"EntryPoint\",\"urlTemplate\":\"https:\\\/\\\/sonam.bzh\\\/?s={search_term_string}\"},\"query-input\":{\"@type\":\"PropertyValueSpecification\",\"valueRequired\":true,\"valueName\":\"search_term_string\"}}],\"inLanguage\":\"br\"},{\"@type\":\"Person\",\"@id\":\"https:\\\/\\\/sonam.bzh\\\/#\\\/schema\\\/person\\\/640218b6626942d12cfb20b57b5f47dd\",\"name\":\"Nicolas\",\"image\":{\"@type\":\"ImageObject\",\"inLanguage\":\"br\",\"@id\":\"\\\/\\\/www.gravatar.com\\\/avatar\\\/eb57aa1f6aca800af67972a72a6c397a?s=96&#038;r=g&#038;d=mm\",\"url\":\"\\\/\\\/www.gravatar.com\\\/avatar\\\/eb57aa1f6aca800af67972a72a6c397a?s=96&#038;r=g&#038;d=mm\",\"contentUrl\":\"\\\/\\\/www.gravatar.com\\\/avatar\\\/eb57aa1f6aca800af67972a72a6c397a?s=96&#038;r=g&#038;d=mm\",\"caption\":\"Nicolas\"}}]}<\/script>\n<!-- \/ Yoast SEO plugin. -->","yoast_head_json":{"title":"(Fran\u00e7ais) Nouveau \u00e0 G\u00e2vres: \u00e9veil musical, piano, violoncelle. - Sonam&#039; - Skol Sonerezh","robots":{"index":"index","follow":"follow","max-snippet":"max-snippet:-1","max-image-preview":"max-image-preview:large","max-video-preview":"max-video-preview:-1"},"canonical":"https:\/\/sonam.bzh\/2026\/08\/30\/nouveau-a-gavres-eveil-musical-piano-violoncelle\/","og_locale":"en_US","og_type":"article","og_title":"(Fran\u00e7ais) Nouveau \u00e0 G\u00e2vres: \u00e9veil musical, piano, violoncelle. - Sonam&#039; - Skol Sonerezh","og_description":"non disponible For the sake of viewer convenience, the content is shown below in the alternative language. You may click the link to switch the active language. De nouvelles propositions p\u00e9dagogiques sur la presqu&rsquo;\u00eele de G\u00e2vres. &nbsp; &nbsp; D\u00e8s cette rentr\u00e9e, l&rsquo;\u00e9cole d musique Sonam&rsquo; propose le mercredi matin des cours sur cette commune dynamique.\u00a0 [&hellip;]","og_url":"https:\/\/sonam.bzh\/2026\/08\/30\/nouveau-a-gavres-eveil-musical-piano-violoncelle\/","og_site_name":"Sonam&#039; - Skol Sonerezh","article_publisher":"https:\/\/www.facebook.com\/SonamEcoleDeMusique\/","article_published_time":"2026-08-30T04:50:36+00:00","article_modified_time":"2026-09-01T05:05:27+00:00","og_image":[{"width":300,"height":225,"url":"https:\/\/sonam.bzh\/WP\/wp-content\/uploads\/2026\/09\/Photo-Marion-Delorme-300x225-1.jpg","type":"image\/jpeg"}],"author":"Nicolas","twitter_card":"summary_large_image","twitter_misc":{"Written by":"Nicolas","Est. reading time":"1 minute"},"schema":{"@context":"https:\/\/schema.org","@graph":[{"@type":"Article","@id":"https:\/\/sonam.bzh\/2026\/08\/30\/nouveau-a-gavres-eveil-musical-piano-violoncelle\/#article","isPartOf":{"@id":"https:\/\/sonam.bzh\/2026\/08\/30\/nouveau-a-gavres-eveil-musical-piano-violoncelle\/"},"author":{"name":"Nicolas","@id":"https:\/\/sonam.bzh\/#\/schema\/person\/640218b6626942d12cfb20b57b5f47dd"},"headline":"(Fran\u00e7ais) Nouveau \u00e0 G\u00e2vres: \u00e9veil musical, piano, violoncelle.","datePublished":"2026-08-30T04:50:36+00:00","dateModified":"2026-09-01T05:05:27+00:00","mainEntityOfPage":{"@id":"https:\/\/sonam.bzh\/2026\/08\/30\/nouveau-a-gavres-eveil-musical-piano-violoncelle\/"},"wordCount":153,"image":{"@id":"https:\/\/sonam.bzh\/2026\/08\/30\/nouveau-a-gavres-eveil-musical-piano-violoncelle\/#primaryimage"},"thumbnailUrl":"https:\/\/sonam.bzh\/WP\/wp-content\/uploads\/2026\/09\/Photo-Marion-Delorme-300x225-1.jpg","inLanguage":"br"},{"@type":"WebPage","@id":"https:\/\/sonam.bzh\/2026\/08\/30\/nouveau-a-gavres-eveil-musical-piano-violoncelle\/","url":"https:\/\/sonam.bzh\/2026\/08\/30\/nouveau-a-gavres-eveil-musical-piano-violoncelle\/","name":"(Fran\u00e7ais) Nouveau \u00e0 G\u00e2vres: \u00e9veil musical, piano, violoncelle. - Sonam&#039; - Skol Sonerezh","isPartOf":{"@id":"https:\/\/sonam.bzh\/#website"},"primaryImageOfPage":{"@id":"https:\/\/sonam.bzh\/2026\/08\/30\/nouveau-a-gavres-eveil-musical-piano-violoncelle\/#primaryimage"},"image":{"@id":"https:\/\/sonam.bzh\/2026\/08\/30\/nouveau-a-gavres-eveil-musical-piano-violoncelle\/#primaryimage"},"thumbnailUrl":"https:\/\/sonam.bzh\/WP\/wp-content\/uploads\/2026\/09\/Photo-Marion-Delorme-300x225-1.jpg","datePublished":"2026-08-30T04:50:36+00:00","dateModified":"2026-09-01T05:05:27+00:00","author":{"@id":"https:\/\/sonam.bzh\/#\/schema\/person\/640218b6626942d12cfb20b57b5f47dd"},"breadcrumb":{"@id":"https:\/\/sonam.bzh\/2026\/08\/30\/nouveau-a-gavres-eveil-musical-piano-violoncelle\/#breadcrumb"},"inLanguage":"br","potentialAction":[{"@type":"ReadAction","target":["https:\/\/sonam.bzh\/2026\/08\/30\/nouveau-a-gavres-eveil-musical-piano-violoncelle\/"]}]},{"@type":"ImageObject","inLanguage":"br","@id":"https:\/\/sonam.bzh\/2026\/08\/30\/nouveau-a-gavres-eveil-musical-piano-violoncelle\/#primaryimage","url":"https:\/\/sonam.bzh\/WP\/wp-content\/uploads\/2026\/09\/Photo-Marion-Delorme-300x225-1.jpg","contentUrl":"https:\/\/sonam.bzh\/WP\/wp-content\/uploads\/2026\/09\/Photo-Marion-Delorme-300x225-1.jpg"},{"@type":"BreadcrumbList","@id":"https:\/\/sonam.bzh\/2026\/08\/30\/nouveau-a-gavres-eveil-musical-piano-violoncelle\/#breadcrumb","itemListElement":[{"@type":"ListItem","position":1,"name":"Accueil","item":"https:\/\/sonam.bzh\/"},{"@type":"ListItem","position":2,"name":"Nouveau \u00e0 G\u00e2vres: \u00e9veil musical, piano, violoncelle."}]},{"@type":"WebSite","@id":"https:\/\/sonam.bzh\/#website","url":"https:\/\/sonam.bzh\/","name":"Sonam - Ecole de Musique","description":"Sonam&#039; - Skol Sonerezh","potentialAction":[{"@type":"SearchAction","target":{"@type":"EntryPoint","urlTemplate":"https:\/\/sonam.bzh\/?s={search_term_string}"},"query-input":{"@type":"PropertyValueSpecification","valueRequired":true,"valueName":"search_term_string"}}],"inLanguage":"br"},{"@type":"Person","@id":"https:\/\/sonam.bzh\/#\/schema\/person\/640218b6626942d12cfb20b57b5f47dd","name":"Nicolas","image":{"@type":"ImageObject","inLanguage":"br","@id":"\/\/www.gravatar.com\/avatar\/eb57aa1f6aca800af67972a72a6c397a?s=96&#038;r=g&#038;d=mm","url":"\/\/www.gravatar.com\/avatar\/eb57aa1f6aca800af67972a72a6c397a?s=96&#038;r=g&#038;d=mm","contentUrl":"\/\/www.gravatar.com\/avatar\/eb57aa1f6aca800af67972a72a6c397a?s=96&#038;r=g&#038;d=mm","caption":"Nicolas"}}]}},"jetpack_sharing_enabled":true,"jetpack_featured_media_url":"","_links":{"self":[{"href":"https:\/\/sonam.bzh\/br\/wp-json\/wp\/v2\/posts\/2222","targetHints":{"allow":["GET"]}}],"collection":[{"href":"https:\/\/sonam.bzh\/br\/wp-json\/wp\/v2\/posts"}],"about":[{"href":"https:\/\/sonam.bzh\/br\/wp-json\/wp\/v2\/types\/post"}],"author":[{"embeddable":true,"href":"https:\/\/sonam.bzh\/br\/wp-json\/wp\/v2\/users\/6"}],"replies":[{"embeddable":true,"href":"https:\/\/sonam.bzh\/br\/wp-json\/wp\/v2\/comments?post=2222"}],"version-history":[{"count":0,"href":"https:\/\/sonam.bzh\/br\/wp-json\/wp\/v2\/posts\/2222\/revisions"}],"wp:attachment":[{"href":"https:\/\/sonam.bzh\/br\/wp-json\/wp\/v2\/media?parent=2222"}],"wp:term":[{"taxonomy":"category","embeddable":true,"href":"https:\/\/sonam.bzh\/br\/wp-json\/wp\/v2\/categories?post=2222"},{"taxonomy":"post_tag","embeddable":true,"href":"https:\/\/sonam.bzh\/br\/wp-json\/wp\/v2\/tags?post=2222"}],"curies":[{"name":"wp","href":"https:\/\/api.w.org\/{rel}","templated":true}]}}