{"id":1994,"date":"2025-10-29T19:25:28","date_gmt":"2025-10-29T18:25:28","guid":{"rendered":"https:\/\/sonam.bzh\/?p=1994"},"modified":"2025-10-29T20:49:20","modified_gmt":"2025-10-29T19:49:20","slug":"ma-musique-a-mois-rdv-mensuel-de-guitare-chant-accordeon","status":"publish","type":"post","link":"https:\/\/sonam.bzh\/br\/2025\/10\/29\/ma-musique-a-mois-rdv-mensuel-de-guitare-chant-accordeon\/","title":{"rendered":"(Fran\u00e7ais) &nbsp;&raquo;Ma musique \u00e0 mois&nbsp;&raquo;: rdv mensuel de guitare, chant, accord\u00e9on&#8230;"},"content":{"rendered":"<p class=\"qtranxs-available-languages-message qtranxs-available-languages-message-br\">non disponible For the sake of viewer convenience, the content is shown below in the alternative language. You may click the link to switch the active language.<\/p><p><\/p>\n<h3 style=\"text-align: center\"><span style=\"color: #800080\"><strong><em>Un format diff\u00e9rent pour progresser en musique<\/em><\/strong><\/span><\/h3>\n<p>L&rsquo;\u00e9cole de musique propose entre novembre et avril, des cycles d&rsquo;ateliers, 1 fois\/mois, pour un public principalement d&rsquo;adultes qui recherchent ce rythme. Les intervenants sont des artistes reconnus, sp\u00e9cialistes de leur pratique et p\u00e9dagogues exp\u00e9riment\u00e9s.<\/p>\n<p>Vous pourrez y pratiquer :<img loading=\"lazy\" decoding=\"async\" class=\"size-medium wp-image-1985 alignright\" src=\"https:\/\/sonam.bzh\/WP\/wp-content\/uploads\/2025\/10\/Adruen-Trebern-guitare-photo-salut-135x300.jpeg\" alt=\"\" width=\"135\" height=\"300\" srcset=\"https:\/\/sonam.bzh\/WP\/wp-content\/uploads\/2025\/10\/Adruen-Trebern-guitare-photo-salut-135x300.jpeg 135w, https:\/\/sonam.bzh\/WP\/wp-content\/uploads\/2025\/10\/Adruen-Trebern-guitare-photo-salut-461x1024.jpeg 461w, https:\/\/sonam.bzh\/WP\/wp-content\/uploads\/2025\/10\/Adruen-Trebern-guitare-photo-salut-768x1706.jpeg 768w, https:\/\/sonam.bzh\/WP\/wp-content\/uploads\/2025\/10\/Adruen-Trebern-guitare-photo-salut-600x1333.jpeg 600w, https:\/\/sonam.bzh\/WP\/wp-content\/uploads\/2025\/10\/Adruen-Trebern-guitare-photo-salut-692x1536.jpeg 692w, https:\/\/sonam.bzh\/WP\/wp-content\/uploads\/2025\/10\/Adruen-Trebern-guitare-photo-salut.jpeg 922w\" sizes=\"auto, (max-width: 135px) 100vw, 135px\" \/><\/p>\n<ul>\n<li>la<span style=\"color: #008000\"><strong> guitare<\/strong><\/span> avec Adrien Tr\u00e9bern dans <a href=\"https:\/\/sonam.bzh\/2025\/10\/14\/6-cordes-a-bord-cycle-mensuel-datelier-de-guitare-daccompagnement-de-chansons\/\">&laquo;&nbsp;6 cordes \u00e0 bords&nbsp;&raquo;<\/a> (petits groupes pour d\u00e9butants et interm\u00e9diaires),<\/li>\n<\/ul>\n<p>&nbsp;<\/p>\n<ul>\n<li>l&rsquo;<span style=\"color: #008000\"><strong>accord\u00e9on diatonique<\/strong><\/span> avec <a style=\"font-weight: inherit\" href=\"https:\/\/sonam.bzh\/ecole-de-musique\/professeurs\/gael-runigo\/\">Ga\u00ebl Runigo<\/a><span style=\"font-weight: inherit\">&nbsp;c&rsquo;est <\/span><a style=\"font-weight: inherit\" href=\"https:\/\/sonam.bzh\/2025\/06\/23\/diato-lmatin-avec-gael-runigo-un-cycle-de-6-ateliers-daccordeon-diatonique-mensuel\/\">&laquo;&nbsp;Diato L&rsquo;Matin&nbsp;&raquo;,&nbsp;&nbsp;<\/a><\/li>\n<\/ul>\n<p>&nbsp;<\/p>\n<ul>\n<li>pour <strong><span style=\"color: #008000\">chanter \u00e0 plusieurs voix des r\u00e9pertoires vari\u00e9s<\/span><\/strong>, c&rsquo;est encore avec notre chef de ch\u0153ur Adrien Tr\u00e9bern pour <a style=\"font-weight: inherit\" href=\"https:\/\/sonam.bzh\/2025\/10\/20\/classipopgospelsong-pour-chanter-le-samedi-une-fois-mois\/\">&laquo;&nbsp;ClassiPopGospelSong&nbsp;&raquo;,<\/a><\/li>\n<\/ul>\n<p>&nbsp;<\/p>\n<ul>\n<li>et pour<span style=\"color: #008000\"><strong> travailler sa voix,<\/strong><\/span> c&rsquo;est <a style=\"font-weight: inherit\" href=\"https:\/\/sonam.bzh\/2025\/09\/14\/voix-en-chantier-avec-charles-quimbert\/\">&laquo;&nbsp;Voix en chantier&nbsp;&raquo;<\/a><span style=\"font-weight: inherit\"> avec <\/span><a style=\"font-weight: inherit\" href=\"https:\/\/sonam.bzh\/ecole-de-musique\/professeurs\/charles-quimbert\/\">Charles Quimbert <\/a><span style=\"font-weight: inherit\">: un tel succ\u00e8s que c&rsquo;est complet, mais n&rsquo;h\u00e9sitez pas \u00e0 vous manifester en cas de d\u00e9sistement ou pour l&rsquo;ann\u00e9e prochaine&#8230;<\/span><\/li>\n<\/ul>\n<p style=\"text-align: center\"><em><strong><img loading=\"lazy\" decoding=\"async\" class=\"size-medium wp-image-1791 alignleft\" src=\"https:\/\/sonam.bzh\/WP\/wp-content\/uploads\/2024\/07\/Gael-Runigo-200x300.jpg\" alt=\"\" width=\"200\" height=\"300\" srcset=\"https:\/\/sonam.bzh\/WP\/wp-content\/uploads\/2024\/07\/Gael-Runigo-200x300.jpg 200w, https:\/\/sonam.bzh\/WP\/wp-content\/uploads\/2024\/07\/Gael-Runigo-683x1024.jpg 683w, https:\/\/sonam.bzh\/WP\/wp-content\/uploads\/2024\/07\/Gael-Runigo-768x1152.jpg 768w, https:\/\/sonam.bzh\/WP\/wp-content\/uploads\/2024\/07\/Gael-Runigo-1024x1536.jpg 1024w, https:\/\/sonam.bzh\/WP\/wp-content\/uploads\/2024\/07\/Gael-Runigo.jpg 1250w\" sizes=\"auto, (max-width: 200px) 100vw, 200px\" \/>A suivre d\u00e9but 2026, des formats sur 3 mois sur d&rsquo;autres th\u00e9matiques <\/strong><\/em><\/p>\n<p style=\"text-align: center\"><span style=\"font-weight: inherit\">(ex: chant en breton avec C\u00e9cric Binet)&#8230;<\/span><\/p>\n<p style=\"text-align: center\"><span style=\"font-weight: inherit;color: #0000ff\">Suivez l&rsquo;actu sur notre site ou page Facebook.<\/span><\/p>\n<p><strong>Tarifs<\/strong> : en page &laquo;&nbsp;Tarifs et inscriptions&nbsp;&raquo;,<img loading=\"lazy\" decoding=\"async\" class=\"size-medium wp-image-1978 alignright\" src=\"https:\/\/sonam.bzh\/WP\/wp-content\/uploads\/2025\/09\/Photo-Charles-Quimbert-3-300x169.jpg\" alt=\"\" width=\"300\" height=\"169\" srcset=\"https:\/\/sonam.bzh\/WP\/wp-content\/uploads\/2025\/09\/Photo-Charles-Quimbert-3-300x169.jpg 300w, https:\/\/sonam.bzh\/WP\/wp-content\/uploads\/2025\/09\/Photo-Charles-Quimbert-3.jpg 450w\" sizes=\"auto, (max-width: 300px) 100vw, 300px\" \/><\/p>\n<p><strong>Renseignements<\/strong> : contact@sonam.bzh,<\/p>\n<p>07 54 36 94 54 OU 45<\/p>\n<p>&nbsp;<\/p>\n<p><\/p>","protected":false},"excerpt":{"rendered":"<p>non disponible For the sake of viewer convenience, the content is shown below in the alternative language. You may click the link to switch the active language. Un format diff\u00e9rent pour progresser en musique L&rsquo;\u00e9cole de musique propose entre novembre et avril, des cycles d&rsquo;ateliers, 1 fois\/mois, pour un public principalement d&rsquo;adultes qui recherchent ce [&hellip;]<\/p>\n","protected":false},"author":6,"featured_media":1985,"comment_status":"closed","ping_status":"closed","sticky":false,"template":"","format":"standard","meta":{"_bbp_topic_count":0,"_bbp_reply_count":0,"_bbp_total_topic_count":0,"_bbp_total_reply_count":0,"_bbp_voice_count":0,"_bbp_anonymous_reply_count":0,"_bbp_topic_count_hidden":0,"_bbp_reply_count_hidden":0,"_bbp_forum_subforum_count":0,"ngg_post_thumbnail":0,"_jetpack_memberships_contains_paid_content":false,"footnotes":""},"categories":[1],"tags":[],"class_list":{"0":"post-1994","1":"post","2":"type-post","3":"status-publish","4":"format-standard","5":"has-post-thumbnail","7":"category-non-classe","8":"czr-hentry"},"yoast_head":"<!-- This site is optimized with the Yoast SEO plugin v27.5 - https:\/\/yoast.com\/product\/yoast-seo-wordpress\/ -->\n<title>(Fran\u00e7ais) &quot;Ma musique \u00e0 mois&quot;: rdv mensuel de guitare, chant, accord\u00e9on... - Sonam&#039; - Skol Sonerezh<\/title>\n<meta name=\"robots\" content=\"index, follow, max-snippet:-1, max-image-preview:large, max-video-preview:-1\" \/>\n<link rel=\"canonical\" href=\"https:\/\/sonam.bzh\/2025\/10\/29\/ma-musique-a-mois-rdv-mensuel-de-guitare-chant-accordeon\/\" class=\"yoast-seo-meta-tag\" \/>\n<meta property=\"og:locale\" content=\"en_US\" class=\"yoast-seo-meta-tag\" \/>\n<meta property=\"og:type\" content=\"article\" class=\"yoast-seo-meta-tag\" \/>\n<meta property=\"og:title\" content=\"(Fran\u00e7ais) &quot;Ma musique \u00e0 mois&quot;: rdv mensuel de guitare, chant, accord\u00e9on... - Sonam&#039; - Skol Sonerezh\" class=\"yoast-seo-meta-tag\" \/>\n<meta property=\"og:description\" content=\"non disponible For the sake of viewer convenience, the content is shown below in the alternative language. You may click the link to switch the active language. Un format diff\u00e9rent pour progresser en musique L&rsquo;\u00e9cole de musique propose entre novembre et avril, des cycles d&rsquo;ateliers, 1 fois\/mois, pour un public principalement d&rsquo;adultes qui recherchent ce [&hellip;]\" class=\"yoast-seo-meta-tag\" \/>\n<meta property=\"og:url\" content=\"https:\/\/sonam.bzh\/2025\/10\/29\/ma-musique-a-mois-rdv-mensuel-de-guitare-chant-accordeon\/\" class=\"yoast-seo-meta-tag\" \/>\n<meta property=\"og:site_name\" content=\"Sonam&#039; - Skol Sonerezh\" class=\"yoast-seo-meta-tag\" \/>\n<meta property=\"article:publisher\" content=\"https:\/\/www.facebook.com\/SonamEcoleDeMusique\/\" class=\"yoast-seo-meta-tag\" \/>\n<meta property=\"article:published_time\" content=\"2025-10-29T18:25:28+00:00\" class=\"yoast-seo-meta-tag\" \/>\n<meta property=\"article:modified_time\" content=\"2025-10-29T19:49:20+00:00\" class=\"yoast-seo-meta-tag\" \/>\n<meta property=\"og:image\" content=\"https:\/\/sonam.bzh\/WP\/wp-content\/uploads\/2025\/10\/Adruen-Trebern-guitare-photo-salut.jpeg\" class=\"yoast-seo-meta-tag\" \/>\n\t<meta property=\"og:image:width\" content=\"922\" class=\"yoast-seo-meta-tag\" \/>\n\t<meta property=\"og:image:height\" content=\"2048\" class=\"yoast-seo-meta-tag\" \/>\n\t<meta property=\"og:image:type\" content=\"image\/jpeg\" class=\"yoast-seo-meta-tag\" \/>\n<meta name=\"author\" content=\"Nicolas\" class=\"yoast-seo-meta-tag\" \/>\n<meta name=\"twitter:card\" content=\"summary_large_image\" class=\"yoast-seo-meta-tag\" \/>\n<meta name=\"twitter:label1\" content=\"Written by\" class=\"yoast-seo-meta-tag\" \/>\n\t<meta name=\"twitter:data1\" content=\"Nicolas\" class=\"yoast-seo-meta-tag\" \/>\n\t<meta name=\"twitter:label2\" content=\"Est. reading time\" class=\"yoast-seo-meta-tag\" \/>\n\t<meta name=\"twitter:data2\" content=\"2 minutes\" class=\"yoast-seo-meta-tag\" \/>\n<script type=\"application\/ld+json\" class=\"yoast-schema-graph\">{\"@context\":\"https:\\\/\\\/schema.org\",\"@graph\":[{\"@type\":\"Article\",\"@id\":\"https:\\\/\\\/sonam.bzh\\\/2025\\\/10\\\/29\\\/ma-musique-a-mois-rdv-mensuel-de-guitare-chant-accordeon\\\/#article\",\"isPartOf\":{\"@id\":\"https:\\\/\\\/sonam.bzh\\\/2025\\\/10\\\/29\\\/ma-musique-a-mois-rdv-mensuel-de-guitare-chant-accordeon\\\/\"},\"author\":{\"name\":\"Nicolas\",\"@id\":\"https:\\\/\\\/sonam.bzh\\\/#\\\/schema\\\/person\\\/640218b6626942d12cfb20b57b5f47dd\"},\"headline\":\"(Fran\u00e7ais) &nbsp;&raquo;Ma musique \u00e0 mois&nbsp;&raquo;: rdv mensuel de guitare, chant, accord\u00e9on&#8230;\",\"datePublished\":\"2025-10-29T18:25:28+00:00\",\"dateModified\":\"2025-10-29T19:49:20+00:00\",\"mainEntityOfPage\":{\"@id\":\"https:\\\/\\\/sonam.bzh\\\/2025\\\/10\\\/29\\\/ma-musique-a-mois-rdv-mensuel-de-guitare-chant-accordeon\\\/\"},\"wordCount\":195,\"image\":{\"@id\":\"https:\\\/\\\/sonam.bzh\\\/2025\\\/10\\\/29\\\/ma-musique-a-mois-rdv-mensuel-de-guitare-chant-accordeon\\\/#primaryimage\"},\"thumbnailUrl\":\"https:\\\/\\\/sonam.bzh\\\/WP\\\/wp-content\\\/uploads\\\/2025\\\/10\\\/Adruen-Trebern-guitare-photo-salut.jpeg\",\"inLanguage\":\"br\"},{\"@type\":\"WebPage\",\"@id\":\"https:\\\/\\\/sonam.bzh\\\/2025\\\/10\\\/29\\\/ma-musique-a-mois-rdv-mensuel-de-guitare-chant-accordeon\\\/\",\"url\":\"https:\\\/\\\/sonam.bzh\\\/2025\\\/10\\\/29\\\/ma-musique-a-mois-rdv-mensuel-de-guitare-chant-accordeon\\\/\",\"name\":\"(Fran\u00e7ais) \\\"Ma musique \u00e0 mois\\\": rdv mensuel de guitare, chant, accord\u00e9on... - Sonam&#039; - Skol Sonerezh\",\"isPartOf\":{\"@id\":\"https:\\\/\\\/sonam.bzh\\\/#website\"},\"primaryImageOfPage\":{\"@id\":\"https:\\\/\\\/sonam.bzh\\\/2025\\\/10\\\/29\\\/ma-musique-a-mois-rdv-mensuel-de-guitare-chant-accordeon\\\/#primaryimage\"},\"image\":{\"@id\":\"https:\\\/\\\/sonam.bzh\\\/2025\\\/10\\\/29\\\/ma-musique-a-mois-rdv-mensuel-de-guitare-chant-accordeon\\\/#primaryimage\"},\"thumbnailUrl\":\"https:\\\/\\\/sonam.bzh\\\/WP\\\/wp-content\\\/uploads\\\/2025\\\/10\\\/Adruen-Trebern-guitare-photo-salut.jpeg\",\"datePublished\":\"2025-10-29T18:25:28+00:00\",\"dateModified\":\"2025-10-29T19:49:20+00:00\",\"author\":{\"@id\":\"https:\\\/\\\/sonam.bzh\\\/#\\\/schema\\\/person\\\/640218b6626942d12cfb20b57b5f47dd\"},\"breadcrumb\":{\"@id\":\"https:\\\/\\\/sonam.bzh\\\/2025\\\/10\\\/29\\\/ma-musique-a-mois-rdv-mensuel-de-guitare-chant-accordeon\\\/#breadcrumb\"},\"inLanguage\":\"br\",\"potentialAction\":[{\"@type\":\"ReadAction\",\"target\":[\"https:\\\/\\\/sonam.bzh\\\/2025\\\/10\\\/29\\\/ma-musique-a-mois-rdv-mensuel-de-guitare-chant-accordeon\\\/\"]}]},{\"@type\":\"ImageObject\",\"inLanguage\":\"br\",\"@id\":\"https:\\\/\\\/sonam.bzh\\\/2025\\\/10\\\/29\\\/ma-musique-a-mois-rdv-mensuel-de-guitare-chant-accordeon\\\/#primaryimage\",\"url\":\"https:\\\/\\\/sonam.bzh\\\/WP\\\/wp-content\\\/uploads\\\/2025\\\/10\\\/Adruen-Trebern-guitare-photo-salut.jpeg\",\"contentUrl\":\"https:\\\/\\\/sonam.bzh\\\/WP\\\/wp-content\\\/uploads\\\/2025\\\/10\\\/Adruen-Trebern-guitare-photo-salut.jpeg\",\"width\":922,\"height\":2048},{\"@type\":\"BreadcrumbList\",\"@id\":\"https:\\\/\\\/sonam.bzh\\\/2025\\\/10\\\/29\\\/ma-musique-a-mois-rdv-mensuel-de-guitare-chant-accordeon\\\/#breadcrumb\",\"itemListElement\":[{\"@type\":\"ListItem\",\"position\":1,\"name\":\"Accueil\",\"item\":\"https:\\\/\\\/sonam.bzh\\\/\"},{\"@type\":\"ListItem\",\"position\":2,\"name\":\"\u00ab\u00a0Ma musique \u00e0 mois\u00a0\u00bb: rdv mensuel de guitare, chant, accord\u00e9on&#8230;\"}]},{\"@type\":\"WebSite\",\"@id\":\"https:\\\/\\\/sonam.bzh\\\/#website\",\"url\":\"https:\\\/\\\/sonam.bzh\\\/\",\"name\":\"Sonam - Ecole de Musique\",\"description\":\"Sonam&#039; - Skol Sonerezh\",\"potentialAction\":[{\"@type\":\"SearchAction\",\"target\":{\"@type\":\"EntryPoint\",\"urlTemplate\":\"https:\\\/\\\/sonam.bzh\\\/?s={search_term_string}\"},\"query-input\":{\"@type\":\"PropertyValueSpecification\",\"valueRequired\":true,\"valueName\":\"search_term_string\"}}],\"inLanguage\":\"br\"},{\"@type\":\"Person\",\"@id\":\"https:\\\/\\\/sonam.bzh\\\/#\\\/schema\\\/person\\\/640218b6626942d12cfb20b57b5f47dd\",\"name\":\"Nicolas\",\"image\":{\"@type\":\"ImageObject\",\"inLanguage\":\"br\",\"@id\":\"\\\/\\\/www.gravatar.com\\\/avatar\\\/eb57aa1f6aca800af67972a72a6c397a?s=96&#038;r=g&#038;d=mm\",\"url\":\"\\\/\\\/www.gravatar.com\\\/avatar\\\/eb57aa1f6aca800af67972a72a6c397a?s=96&#038;r=g&#038;d=mm\",\"contentUrl\":\"\\\/\\\/www.gravatar.com\\\/avatar\\\/eb57aa1f6aca800af67972a72a6c397a?s=96&#038;r=g&#038;d=mm\",\"caption\":\"Nicolas\"}}]}<\/script>\n<!-- \/ Yoast SEO plugin. -->","yoast_head_json":{"title":"(Fran\u00e7ais) \"Ma musique \u00e0 mois\": rdv mensuel de guitare, chant, accord\u00e9on... - Sonam&#039; - Skol Sonerezh","robots":{"index":"index","follow":"follow","max-snippet":"max-snippet:-1","max-image-preview":"max-image-preview:large","max-video-preview":"max-video-preview:-1"},"canonical":"https:\/\/sonam.bzh\/2025\/10\/29\/ma-musique-a-mois-rdv-mensuel-de-guitare-chant-accordeon\/","og_locale":"en_US","og_type":"article","og_title":"(Fran\u00e7ais) \"Ma musique \u00e0 mois\": rdv mensuel de guitare, chant, accord\u00e9on... - Sonam&#039; - Skol Sonerezh","og_description":"non disponible For the sake of viewer convenience, the content is shown below in the alternative language. You may click the link to switch the active language. Un format diff\u00e9rent pour progresser en musique L&rsquo;\u00e9cole de musique propose entre novembre et avril, des cycles d&rsquo;ateliers, 1 fois\/mois, pour un public principalement d&rsquo;adultes qui recherchent ce [&hellip;]","og_url":"https:\/\/sonam.bzh\/2025\/10\/29\/ma-musique-a-mois-rdv-mensuel-de-guitare-chant-accordeon\/","og_site_name":"Sonam&#039; - Skol Sonerezh","article_publisher":"https:\/\/www.facebook.com\/SonamEcoleDeMusique\/","article_published_time":"2025-10-29T18:25:28+00:00","article_modified_time":"2025-10-29T19:49:20+00:00","og_image":[{"width":922,"height":2048,"url":"https:\/\/sonam.bzh\/WP\/wp-content\/uploads\/2025\/10\/Adruen-Trebern-guitare-photo-salut.jpeg","type":"image\/jpeg"}],"author":"Nicolas","twitter_card":"summary_large_image","twitter_misc":{"Written by":"Nicolas","Est. reading time":"2 minutes"},"schema":{"@context":"https:\/\/schema.org","@graph":[{"@type":"Article","@id":"https:\/\/sonam.bzh\/2025\/10\/29\/ma-musique-a-mois-rdv-mensuel-de-guitare-chant-accordeon\/#article","isPartOf":{"@id":"https:\/\/sonam.bzh\/2025\/10\/29\/ma-musique-a-mois-rdv-mensuel-de-guitare-chant-accordeon\/"},"author":{"name":"Nicolas","@id":"https:\/\/sonam.bzh\/#\/schema\/person\/640218b6626942d12cfb20b57b5f47dd"},"headline":"(Fran\u00e7ais) &nbsp;&raquo;Ma musique \u00e0 mois&nbsp;&raquo;: rdv mensuel de guitare, chant, accord\u00e9on&#8230;","datePublished":"2025-10-29T18:25:28+00:00","dateModified":"2025-10-29T19:49:20+00:00","mainEntityOfPage":{"@id":"https:\/\/sonam.bzh\/2025\/10\/29\/ma-musique-a-mois-rdv-mensuel-de-guitare-chant-accordeon\/"},"wordCount":195,"image":{"@id":"https:\/\/sonam.bzh\/2025\/10\/29\/ma-musique-a-mois-rdv-mensuel-de-guitare-chant-accordeon\/#primaryimage"},"thumbnailUrl":"https:\/\/sonam.bzh\/WP\/wp-content\/uploads\/2025\/10\/Adruen-Trebern-guitare-photo-salut.jpeg","inLanguage":"br"},{"@type":"WebPage","@id":"https:\/\/sonam.bzh\/2025\/10\/29\/ma-musique-a-mois-rdv-mensuel-de-guitare-chant-accordeon\/","url":"https:\/\/sonam.bzh\/2025\/10\/29\/ma-musique-a-mois-rdv-mensuel-de-guitare-chant-accordeon\/","name":"(Fran\u00e7ais) \"Ma musique \u00e0 mois\": rdv mensuel de guitare, chant, accord\u00e9on... - Sonam&#039; - Skol Sonerezh","isPartOf":{"@id":"https:\/\/sonam.bzh\/#website"},"primaryImageOfPage":{"@id":"https:\/\/sonam.bzh\/2025\/10\/29\/ma-musique-a-mois-rdv-mensuel-de-guitare-chant-accordeon\/#primaryimage"},"image":{"@id":"https:\/\/sonam.bzh\/2025\/10\/29\/ma-musique-a-mois-rdv-mensuel-de-guitare-chant-accordeon\/#primaryimage"},"thumbnailUrl":"https:\/\/sonam.bzh\/WP\/wp-content\/uploads\/2025\/10\/Adruen-Trebern-guitare-photo-salut.jpeg","datePublished":"2025-10-29T18:25:28+00:00","dateModified":"2025-10-29T19:49:20+00:00","author":{"@id":"https:\/\/sonam.bzh\/#\/schema\/person\/640218b6626942d12cfb20b57b5f47dd"},"breadcrumb":{"@id":"https:\/\/sonam.bzh\/2025\/10\/29\/ma-musique-a-mois-rdv-mensuel-de-guitare-chant-accordeon\/#breadcrumb"},"inLanguage":"br","potentialAction":[{"@type":"ReadAction","target":["https:\/\/sonam.bzh\/2025\/10\/29\/ma-musique-a-mois-rdv-mensuel-de-guitare-chant-accordeon\/"]}]},{"@type":"ImageObject","inLanguage":"br","@id":"https:\/\/sonam.bzh\/2025\/10\/29\/ma-musique-a-mois-rdv-mensuel-de-guitare-chant-accordeon\/#primaryimage","url":"https:\/\/sonam.bzh\/WP\/wp-content\/uploads\/2025\/10\/Adruen-Trebern-guitare-photo-salut.jpeg","contentUrl":"https:\/\/sonam.bzh\/WP\/wp-content\/uploads\/2025\/10\/Adruen-Trebern-guitare-photo-salut.jpeg","width":922,"height":2048},{"@type":"BreadcrumbList","@id":"https:\/\/sonam.bzh\/2025\/10\/29\/ma-musique-a-mois-rdv-mensuel-de-guitare-chant-accordeon\/#breadcrumb","itemListElement":[{"@type":"ListItem","position":1,"name":"Accueil","item":"https:\/\/sonam.bzh\/"},{"@type":"ListItem","position":2,"name":"\u00ab\u00a0Ma musique \u00e0 mois\u00a0\u00bb: rdv mensuel de guitare, chant, accord\u00e9on&#8230;"}]},{"@type":"WebSite","@id":"https:\/\/sonam.bzh\/#website","url":"https:\/\/sonam.bzh\/","name":"Sonam - Ecole de Musique","description":"Sonam&#039; - Skol Sonerezh","potentialAction":[{"@type":"SearchAction","target":{"@type":"EntryPoint","urlTemplate":"https:\/\/sonam.bzh\/?s={search_term_string}"},"query-input":{"@type":"PropertyValueSpecification","valueRequired":true,"valueName":"search_term_string"}}],"inLanguage":"br"},{"@type":"Person","@id":"https:\/\/sonam.bzh\/#\/schema\/person\/640218b6626942d12cfb20b57b5f47dd","name":"Nicolas","image":{"@type":"ImageObject","inLanguage":"br","@id":"\/\/www.gravatar.com\/avatar\/eb57aa1f6aca800af67972a72a6c397a?s=96&#038;r=g&#038;d=mm","url":"\/\/www.gravatar.com\/avatar\/eb57aa1f6aca800af67972a72a6c397a?s=96&#038;r=g&#038;d=mm","contentUrl":"\/\/www.gravatar.com\/avatar\/eb57aa1f6aca800af67972a72a6c397a?s=96&#038;r=g&#038;d=mm","caption":"Nicolas"}}]}},"jetpack_featured_media_url":"https:\/\/sonam.bzh\/WP\/wp-content\/uploads\/2025\/10\/Adruen-Trebern-guitare-photo-salut.jpeg","jetpack_sharing_enabled":true,"_links":{"self":[{"href":"https:\/\/sonam.bzh\/br\/wp-json\/wp\/v2\/posts\/1994","targetHints":{"allow":["GET"]}}],"collection":[{"href":"https:\/\/sonam.bzh\/br\/wp-json\/wp\/v2\/posts"}],"about":[{"href":"https:\/\/sonam.bzh\/br\/wp-json\/wp\/v2\/types\/post"}],"author":[{"embeddable":true,"href":"https:\/\/sonam.bzh\/br\/wp-json\/wp\/v2\/users\/6"}],"replies":[{"embeddable":true,"href":"https:\/\/sonam.bzh\/br\/wp-json\/wp\/v2\/comments?post=1994"}],"version-history":[{"count":0,"href":"https:\/\/sonam.bzh\/br\/wp-json\/wp\/v2\/posts\/1994\/revisions"}],"wp:featuredmedia":[{"embeddable":true,"href":"https:\/\/sonam.bzh\/br\/wp-json\/wp\/v2\/media\/1985"}],"wp:attachment":[{"href":"https:\/\/sonam.bzh\/br\/wp-json\/wp\/v2\/media?parent=1994"}],"wp:term":[{"taxonomy":"category","embeddable":true,"href":"https:\/\/sonam.bzh\/br\/wp-json\/wp\/v2\/categories?post=1994"},{"taxonomy":"post_tag","embeddable":true,"href":"https:\/\/sonam.bzh\/br\/wp-json\/wp\/v2\/tags?post=1994"}],"curies":[{"name":"wp","href":"https:\/\/api.w.org\/{rel}","templated":true}]}}