{"id":1897,"date":"2025-06-05T11:23:47","date_gmt":"2025-06-05T09:23:47","guid":{"rendered":"https:\/\/sonam.bzh\/?p=1897"},"modified":"2025-07-04T10:39:13","modified_gmt":"2025-07-04T08:39:13","slug":"fete-de-laccordeon-le-5-juillet-a-plouhinec","status":"publish","type":"post","link":"https:\/\/sonam.bzh\/br\/2025\/06\/05\/fete-de-laccordeon-le-5-juillet-a-plouhinec\/","title":{"rendered":"(Fran\u00e7ais) F\u00eate de l&rsquo;accord\u00e9on le 5 juillet \u00e0 Plouhinec"},"content":{"rendered":"<p><\/p>\n<p><\/p>\n<\/p>\n<p><\/p>","protected":false},"excerpt":{"rendered":"","protected":false},"author":6,"featured_media":1791,"comment_status":"open","ping_status":"open","sticky":false,"template":"","format":"standard","meta":{"_bbp_topic_count":0,"_bbp_reply_count":0,"_bbp_total_topic_count":0,"_bbp_total_reply_count":0,"_bbp_voice_count":0,"_bbp_anonymous_reply_count":0,"_bbp_topic_count_hidden":0,"_bbp_reply_count_hidden":0,"_bbp_forum_subforum_count":0,"ngg_post_thumbnail":0,"_jetpack_memberships_contains_paid_content":false,"footnotes":""},"categories":[1],"tags":[],"class_list":{"0":"post-1897","1":"post","2":"type-post","3":"status-publish","4":"format-standard","5":"has-post-thumbnail","7":"category-non-classe","8":"czr-hentry"},"yoast_head":"<!-- This site is optimized with the Yoast SEO plugin v27.5 - https:\/\/yoast.com\/product\/yoast-seo-wordpress\/ -->\n<title>(Fran\u00e7ais) F\u00eate de l&#039;accord\u00e9on le 5 juillet \u00e0 Plouhinec - Sonam&#039; - Skol Sonerezh<\/title>\n<meta name=\"robots\" content=\"index, follow, max-snippet:-1, max-image-preview:large, max-video-preview:-1\" \/>\n<link rel=\"canonical\" href=\"https:\/\/sonam.bzh\/2025\/06\/05\/fete-de-laccordeon-le-5-juillet-a-plouhinec\/\" class=\"yoast-seo-meta-tag\" \/>\n<meta property=\"og:locale\" content=\"en_US\" class=\"yoast-seo-meta-tag\" \/>\n<meta property=\"og:type\" content=\"article\" class=\"yoast-seo-meta-tag\" \/>\n<meta property=\"og:title\" content=\"(Fran\u00e7ais) F\u00eate de l&#039;accord\u00e9on le 5 juillet \u00e0 Plouhinec - Sonam&#039; - Skol Sonerezh\" class=\"yoast-seo-meta-tag\" \/>\n<meta property=\"og:url\" content=\"https:\/\/sonam.bzh\/2025\/06\/05\/fete-de-laccordeon-le-5-juillet-a-plouhinec\/\" class=\"yoast-seo-meta-tag\" \/>\n<meta property=\"og:site_name\" content=\"Sonam&#039; - Skol Sonerezh\" class=\"yoast-seo-meta-tag\" \/>\n<meta property=\"article:publisher\" content=\"https:\/\/www.facebook.com\/SonamEcoleDeMusique\/\" class=\"yoast-seo-meta-tag\" \/>\n<meta property=\"article:published_time\" content=\"2025-06-05T09:23:47+00:00\" class=\"yoast-seo-meta-tag\" \/>\n<meta property=\"article:modified_time\" content=\"2025-07-04T08:39:13+00:00\" class=\"yoast-seo-meta-tag\" \/>\n<meta property=\"og:image\" content=\"https:\/\/sonam.bzh\/WP\/wp-content\/uploads\/2024\/07\/Gael-Runigo.jpg\" class=\"yoast-seo-meta-tag\" \/>\n\t<meta property=\"og:image:width\" content=\"1250\" class=\"yoast-seo-meta-tag\" \/>\n\t<meta property=\"og:image:height\" content=\"1875\" class=\"yoast-seo-meta-tag\" \/>\n\t<meta property=\"og:image:type\" content=\"image\/jpeg\" class=\"yoast-seo-meta-tag\" \/>\n<meta name=\"author\" content=\"Nicolas\" class=\"yoast-seo-meta-tag\" \/>\n<meta name=\"twitter:card\" content=\"summary_large_image\" class=\"yoast-seo-meta-tag\" \/>\n<meta name=\"twitter:label1\" content=\"Written by\" class=\"yoast-seo-meta-tag\" \/>\n\t<meta name=\"twitter:data1\" content=\"Nicolas\" class=\"yoast-seo-meta-tag\" \/>\n\t<meta name=\"twitter:label2\" content=\"Est. reading time\" class=\"yoast-seo-meta-tag\" \/>\n\t<meta name=\"twitter:data2\" content=\"4 minutes\" class=\"yoast-seo-meta-tag\" \/>\n<script type=\"application\/ld+json\" class=\"yoast-schema-graph\">{\"@context\":\"https:\\\/\\\/schema.org\",\"@graph\":[{\"@type\":\"Article\",\"@id\":\"https:\\\/\\\/sonam.bzh\\\/2025\\\/06\\\/05\\\/fete-de-laccordeon-le-5-juillet-a-plouhinec\\\/#article\",\"isPartOf\":{\"@id\":\"https:\\\/\\\/sonam.bzh\\\/2025\\\/06\\\/05\\\/fete-de-laccordeon-le-5-juillet-a-plouhinec\\\/\"},\"author\":{\"name\":\"Nicolas\",\"@id\":\"https:\\\/\\\/sonam.bzh\\\/#\\\/schema\\\/person\\\/640218b6626942d12cfb20b57b5f47dd\"},\"headline\":\"(Fran\u00e7ais) F\u00eate de l&rsquo;accord\u00e9on le 5 juillet \u00e0 Plouhinec\",\"datePublished\":\"2025-06-05T09:23:47+00:00\",\"dateModified\":\"2025-07-04T08:39:13+00:00\",\"mainEntityOfPage\":{\"@id\":\"https:\\\/\\\/sonam.bzh\\\/2025\\\/06\\\/05\\\/fete-de-laccordeon-le-5-juillet-a-plouhinec\\\/\"},\"wordCount\":516,\"commentCount\":0,\"image\":{\"@id\":\"https:\\\/\\\/sonam.bzh\\\/2025\\\/06\\\/05\\\/fete-de-laccordeon-le-5-juillet-a-plouhinec\\\/#primaryimage\"},\"thumbnailUrl\":\"https:\\\/\\\/sonam.bzh\\\/WP\\\/wp-content\\\/uploads\\\/2024\\\/07\\\/Gael-Runigo.jpg\",\"inLanguage\":\"br\",\"potentialAction\":[{\"@type\":\"CommentAction\",\"name\":\"Comment\",\"target\":[\"https:\\\/\\\/sonam.bzh\\\/2025\\\/06\\\/05\\\/fete-de-laccordeon-le-5-juillet-a-plouhinec\\\/#respond\"]}]},{\"@type\":\"WebPage\",\"@id\":\"https:\\\/\\\/sonam.bzh\\\/2025\\\/06\\\/05\\\/fete-de-laccordeon-le-5-juillet-a-plouhinec\\\/\",\"url\":\"https:\\\/\\\/sonam.bzh\\\/2025\\\/06\\\/05\\\/fete-de-laccordeon-le-5-juillet-a-plouhinec\\\/\",\"name\":\"(Fran\u00e7ais) F\u00eate de l'accord\u00e9on le 5 juillet \u00e0 Plouhinec - Sonam&#039; - Skol Sonerezh\",\"isPartOf\":{\"@id\":\"https:\\\/\\\/sonam.bzh\\\/#website\"},\"primaryImageOfPage\":{\"@id\":\"https:\\\/\\\/sonam.bzh\\\/2025\\\/06\\\/05\\\/fete-de-laccordeon-le-5-juillet-a-plouhinec\\\/#primaryimage\"},\"image\":{\"@id\":\"https:\\\/\\\/sonam.bzh\\\/2025\\\/06\\\/05\\\/fete-de-laccordeon-le-5-juillet-a-plouhinec\\\/#primaryimage\"},\"thumbnailUrl\":\"https:\\\/\\\/sonam.bzh\\\/WP\\\/wp-content\\\/uploads\\\/2024\\\/07\\\/Gael-Runigo.jpg\",\"datePublished\":\"2025-06-05T09:23:47+00:00\",\"dateModified\":\"2025-07-04T08:39:13+00:00\",\"author\":{\"@id\":\"https:\\\/\\\/sonam.bzh\\\/#\\\/schema\\\/person\\\/640218b6626942d12cfb20b57b5f47dd\"},\"breadcrumb\":{\"@id\":\"https:\\\/\\\/sonam.bzh\\\/2025\\\/06\\\/05\\\/fete-de-laccordeon-le-5-juillet-a-plouhinec\\\/#breadcrumb\"},\"inLanguage\":\"br\",\"potentialAction\":[{\"@type\":\"ReadAction\",\"target\":[\"https:\\\/\\\/sonam.bzh\\\/2025\\\/06\\\/05\\\/fete-de-laccordeon-le-5-juillet-a-plouhinec\\\/\"]}]},{\"@type\":\"ImageObject\",\"inLanguage\":\"br\",\"@id\":\"https:\\\/\\\/sonam.bzh\\\/2025\\\/06\\\/05\\\/fete-de-laccordeon-le-5-juillet-a-plouhinec\\\/#primaryimage\",\"url\":\"https:\\\/\\\/sonam.bzh\\\/WP\\\/wp-content\\\/uploads\\\/2024\\\/07\\\/Gael-Runigo.jpg\",\"contentUrl\":\"https:\\\/\\\/sonam.bzh\\\/WP\\\/wp-content\\\/uploads\\\/2024\\\/07\\\/Gael-Runigo.jpg\",\"width\":1250,\"height\":1875},{\"@type\":\"BreadcrumbList\",\"@id\":\"https:\\\/\\\/sonam.bzh\\\/2025\\\/06\\\/05\\\/fete-de-laccordeon-le-5-juillet-a-plouhinec\\\/#breadcrumb\",\"itemListElement\":[{\"@type\":\"ListItem\",\"position\":1,\"name\":\"Accueil\",\"item\":\"https:\\\/\\\/sonam.bzh\\\/\"},{\"@type\":\"ListItem\",\"position\":2,\"name\":\"F\u00eate de l&#8217;accord\u00e9on le 5 juillet \u00e0 Plouhinec\"}]},{\"@type\":\"WebSite\",\"@id\":\"https:\\\/\\\/sonam.bzh\\\/#website\",\"url\":\"https:\\\/\\\/sonam.bzh\\\/\",\"name\":\"Sonam - Ecole de Musique\",\"description\":\"Sonam&#039; - Skol Sonerezh\",\"potentialAction\":[{\"@type\":\"SearchAction\",\"target\":{\"@type\":\"EntryPoint\",\"urlTemplate\":\"https:\\\/\\\/sonam.bzh\\\/?s={search_term_string}\"},\"query-input\":{\"@type\":\"PropertyValueSpecification\",\"valueRequired\":true,\"valueName\":\"search_term_string\"}}],\"inLanguage\":\"br\"},{\"@type\":\"Person\",\"@id\":\"https:\\\/\\\/sonam.bzh\\\/#\\\/schema\\\/person\\\/640218b6626942d12cfb20b57b5f47dd\",\"name\":\"Nicolas\",\"image\":{\"@type\":\"ImageObject\",\"inLanguage\":\"br\",\"@id\":\"\\\/\\\/www.gravatar.com\\\/avatar\\\/eb57aa1f6aca800af67972a72a6c397a?s=96&#038;r=g&#038;d=mm\",\"url\":\"\\\/\\\/www.gravatar.com\\\/avatar\\\/eb57aa1f6aca800af67972a72a6c397a?s=96&#038;r=g&#038;d=mm\",\"contentUrl\":\"\\\/\\\/www.gravatar.com\\\/avatar\\\/eb57aa1f6aca800af67972a72a6c397a?s=96&#038;r=g&#038;d=mm\",\"caption\":\"Nicolas\"}}]}<\/script>\n<!-- \/ Yoast SEO plugin. -->","yoast_head_json":{"title":"(Fran\u00e7ais) F\u00eate de l'accord\u00e9on le 5 juillet \u00e0 Plouhinec - Sonam&#039; - Skol Sonerezh","robots":{"index":"index","follow":"follow","max-snippet":"max-snippet:-1","max-image-preview":"max-image-preview:large","max-video-preview":"max-video-preview:-1"},"canonical":"https:\/\/sonam.bzh\/2025\/06\/05\/fete-de-laccordeon-le-5-juillet-a-plouhinec\/","og_locale":"en_US","og_type":"article","og_title":"(Fran\u00e7ais) F\u00eate de l'accord\u00e9on le 5 juillet \u00e0 Plouhinec - Sonam&#039; - Skol Sonerezh","og_url":"https:\/\/sonam.bzh\/2025\/06\/05\/fete-de-laccordeon-le-5-juillet-a-plouhinec\/","og_site_name":"Sonam&#039; - Skol Sonerezh","article_publisher":"https:\/\/www.facebook.com\/SonamEcoleDeMusique\/","article_published_time":"2025-06-05T09:23:47+00:00","article_modified_time":"2025-07-04T08:39:13+00:00","og_image":[{"width":1250,"height":1875,"url":"https:\/\/sonam.bzh\/WP\/wp-content\/uploads\/2024\/07\/Gael-Runigo.jpg","type":"image\/jpeg"}],"author":"Nicolas","twitter_card":"summary_large_image","twitter_misc":{"Written by":"Nicolas","Est. reading time":"4 minutes"},"schema":{"@context":"https:\/\/schema.org","@graph":[{"@type":"Article","@id":"https:\/\/sonam.bzh\/2025\/06\/05\/fete-de-laccordeon-le-5-juillet-a-plouhinec\/#article","isPartOf":{"@id":"https:\/\/sonam.bzh\/2025\/06\/05\/fete-de-laccordeon-le-5-juillet-a-plouhinec\/"},"author":{"name":"Nicolas","@id":"https:\/\/sonam.bzh\/#\/schema\/person\/640218b6626942d12cfb20b57b5f47dd"},"headline":"(Fran\u00e7ais) F\u00eate de l&rsquo;accord\u00e9on le 5 juillet \u00e0 Plouhinec","datePublished":"2025-06-05T09:23:47+00:00","dateModified":"2025-07-04T08:39:13+00:00","mainEntityOfPage":{"@id":"https:\/\/sonam.bzh\/2025\/06\/05\/fete-de-laccordeon-le-5-juillet-a-plouhinec\/"},"wordCount":516,"commentCount":0,"image":{"@id":"https:\/\/sonam.bzh\/2025\/06\/05\/fete-de-laccordeon-le-5-juillet-a-plouhinec\/#primaryimage"},"thumbnailUrl":"https:\/\/sonam.bzh\/WP\/wp-content\/uploads\/2024\/07\/Gael-Runigo.jpg","inLanguage":"br","potentialAction":[{"@type":"CommentAction","name":"Comment","target":["https:\/\/sonam.bzh\/2025\/06\/05\/fete-de-laccordeon-le-5-juillet-a-plouhinec\/#respond"]}]},{"@type":"WebPage","@id":"https:\/\/sonam.bzh\/2025\/06\/05\/fete-de-laccordeon-le-5-juillet-a-plouhinec\/","url":"https:\/\/sonam.bzh\/2025\/06\/05\/fete-de-laccordeon-le-5-juillet-a-plouhinec\/","name":"(Fran\u00e7ais) F\u00eate de l'accord\u00e9on le 5 juillet \u00e0 Plouhinec - Sonam&#039; - Skol Sonerezh","isPartOf":{"@id":"https:\/\/sonam.bzh\/#website"},"primaryImageOfPage":{"@id":"https:\/\/sonam.bzh\/2025\/06\/05\/fete-de-laccordeon-le-5-juillet-a-plouhinec\/#primaryimage"},"image":{"@id":"https:\/\/sonam.bzh\/2025\/06\/05\/fete-de-laccordeon-le-5-juillet-a-plouhinec\/#primaryimage"},"thumbnailUrl":"https:\/\/sonam.bzh\/WP\/wp-content\/uploads\/2024\/07\/Gael-Runigo.jpg","datePublished":"2025-06-05T09:23:47+00:00","dateModified":"2025-07-04T08:39:13+00:00","author":{"@id":"https:\/\/sonam.bzh\/#\/schema\/person\/640218b6626942d12cfb20b57b5f47dd"},"breadcrumb":{"@id":"https:\/\/sonam.bzh\/2025\/06\/05\/fete-de-laccordeon-le-5-juillet-a-plouhinec\/#breadcrumb"},"inLanguage":"br","potentialAction":[{"@type":"ReadAction","target":["https:\/\/sonam.bzh\/2025\/06\/05\/fete-de-laccordeon-le-5-juillet-a-plouhinec\/"]}]},{"@type":"ImageObject","inLanguage":"br","@id":"https:\/\/sonam.bzh\/2025\/06\/05\/fete-de-laccordeon-le-5-juillet-a-plouhinec\/#primaryimage","url":"https:\/\/sonam.bzh\/WP\/wp-content\/uploads\/2024\/07\/Gael-Runigo.jpg","contentUrl":"https:\/\/sonam.bzh\/WP\/wp-content\/uploads\/2024\/07\/Gael-Runigo.jpg","width":1250,"height":1875},{"@type":"BreadcrumbList","@id":"https:\/\/sonam.bzh\/2025\/06\/05\/fete-de-laccordeon-le-5-juillet-a-plouhinec\/#breadcrumb","itemListElement":[{"@type":"ListItem","position":1,"name":"Accueil","item":"https:\/\/sonam.bzh\/"},{"@type":"ListItem","position":2,"name":"F\u00eate de l&#8217;accord\u00e9on le 5 juillet \u00e0 Plouhinec"}]},{"@type":"WebSite","@id":"https:\/\/sonam.bzh\/#website","url":"https:\/\/sonam.bzh\/","name":"Sonam - Ecole de Musique","description":"Sonam&#039; - Skol Sonerezh","potentialAction":[{"@type":"SearchAction","target":{"@type":"EntryPoint","urlTemplate":"https:\/\/sonam.bzh\/?s={search_term_string}"},"query-input":{"@type":"PropertyValueSpecification","valueRequired":true,"valueName":"search_term_string"}}],"inLanguage":"br"},{"@type":"Person","@id":"https:\/\/sonam.bzh\/#\/schema\/person\/640218b6626942d12cfb20b57b5f47dd","name":"Nicolas","image":{"@type":"ImageObject","inLanguage":"br","@id":"\/\/www.gravatar.com\/avatar\/eb57aa1f6aca800af67972a72a6c397a?s=96&#038;r=g&#038;d=mm","url":"\/\/www.gravatar.com\/avatar\/eb57aa1f6aca800af67972a72a6c397a?s=96&#038;r=g&#038;d=mm","contentUrl":"\/\/www.gravatar.com\/avatar\/eb57aa1f6aca800af67972a72a6c397a?s=96&#038;r=g&#038;d=mm","caption":"Nicolas"}}]}},"jetpack_featured_media_url":"https:\/\/sonam.bzh\/WP\/wp-content\/uploads\/2024\/07\/Gael-Runigo.jpg","jetpack_sharing_enabled":true,"_links":{"self":[{"href":"https:\/\/sonam.bzh\/br\/wp-json\/wp\/v2\/posts\/1897","targetHints":{"allow":["GET"]}}],"collection":[{"href":"https:\/\/sonam.bzh\/br\/wp-json\/wp\/v2\/posts"}],"about":[{"href":"https:\/\/sonam.bzh\/br\/wp-json\/wp\/v2\/types\/post"}],"author":[{"embeddable":true,"href":"https:\/\/sonam.bzh\/br\/wp-json\/wp\/v2\/users\/6"}],"replies":[{"embeddable":true,"href":"https:\/\/sonam.bzh\/br\/wp-json\/wp\/v2\/comments?post=1897"}],"version-history":[{"count":0,"href":"https:\/\/sonam.bzh\/br\/wp-json\/wp\/v2\/posts\/1897\/revisions"}],"wp:featuredmedia":[{"embeddable":true,"href":"https:\/\/sonam.bzh\/br\/wp-json\/wp\/v2\/media\/1791"}],"wp:attachment":[{"href":"https:\/\/sonam.bzh\/br\/wp-json\/wp\/v2\/media?parent=1897"}],"wp:term":[{"taxonomy":"category","embeddable":true,"href":"https:\/\/sonam.bzh\/br\/wp-json\/wp\/v2\/categories?post=1897"},{"taxonomy":"post_tag","embeddable":true,"href":"https:\/\/sonam.bzh\/br\/wp-json\/wp\/v2\/tags?post=1897"}],"curies":[{"name":"wp","href":"https:\/\/api.w.org\/{rel}","templated":true}]}}