{"id":1317,"date":"2022-03-16T11:28:12","date_gmt":"2022-03-16T10:28:12","guid":{"rendered":"http:\/\/sonam.bzh\/?p=1317"},"modified":"2022-03-16T12:37:10","modified_gmt":"2022-03-16T11:37:10","slug":"initiation-au-ukulele-aux-vacances-de-paques","status":"publish","type":"post","link":"https:\/\/sonam.bzh\/br\/2022\/03\/16\/initiation-au-ukulele-aux-vacances-de-paques\/","title":{"rendered":"(Fran\u00e7ais) Initiation au ukul\u00e9l\u00e9 aux vacances de P\u00e2ques"},"content":{"rendered":"<p class=\"qtranxs-available-languages-message qtranxs-available-languages-message-br\">non disponible For the sake of viewer convenience, the content is shown below in the alternative language. You may click the link to switch the active language.<\/p><p><\/p>\n<p><img loading=\"lazy\" decoding=\"async\" class=\"alignnone size-medium wp-image-1159\" src=\"http:\/\/sonam.bzh\/WP\/wp-content\/uploads\/2021\/02\/Sebastien-ululele-263x300.jpg\" alt=\"\" width=\"263\" height=\"300\" srcset=\"https:\/\/sonam.bzh\/WP\/wp-content\/uploads\/2021\/02\/Sebastien-ululele-263x300.jpg 263w, https:\/\/sonam.bzh\/WP\/wp-content\/uploads\/2021\/02\/Sebastien-ululele-898x1024.jpg 898w, https:\/\/sonam.bzh\/WP\/wp-content\/uploads\/2021\/02\/Sebastien-ululele-768x876.jpg 768w, https:\/\/sonam.bzh\/WP\/wp-content\/uploads\/2021\/02\/Sebastien-ululele-1347x1536.jpg 1347w, https:\/\/sonam.bzh\/WP\/wp-content\/uploads\/2021\/02\/Sebastien-ululele-1796x2048.jpg 1796w\" sizes=\"auto, (max-width: 263px) 100vw, 263px\" \/><\/p>\n<p><span class=\"d2edcug0 hpfvmrgz qv66sw1b c1et5uql lr9zc1uh a8c37x1j keod5gw0 nxhoafnm aigsh9s9 d3f4x2em fe6kdd0r mau55g9w c8b282yb iv3no6db jq4qci2q a3bd9o3v b1v8xokw oo9gr5id\" dir=\"auto\"><strong>Initiation au ukul\u00e9l\u00e9: une opportunit\u00e9 de profiter des vacances scolaires en musique!<\/strong><br \/>\n<\/span><\/p>\n<p><span class=\"d2edcug0 hpfvmrgz qv66sw1b c1et5uql lr9zc1uh a8c37x1j keod5gw0 nxhoafnm aigsh9s9 d3f4x2em fe6kdd0r mau55g9w c8b282yb iv3no6db jq4qci2q a3bd9o3v b1v8xokw oo9gr5id\" dir=\"auto\">Public: enfants \u00e0 partir de 8 ans, adultes m\u00eame d\u00e9butants.<br \/>\nSonam&rsquo; \u00e9cole de musique propose des\u00a0 stage de d\u00e9couverte avec S\u00e9bastien Gocsei,\u00a0 musicien intervenant et enseignant de guitare. <br \/>\n<\/span><\/p>\n<p><span class=\"d2edcug0 hpfvmrgz qv66sw1b c1et5uql lr9zc1uh a8c37x1j keod5gw0 nxhoafnm aigsh9s9 d3f4x2em fe6kdd0r mau55g9w c8b282yb iv3no6db jq4qci2q a3bd9o3v b1v8xokw oo9gr5id\" dir=\"auto\">Le ukul\u00e9l\u00e9 est id\u00e9al pour son acc\u00e8s\u00a0 pour des d\u00e9butants.Quatre s\u00e9ances d&rsquo;1h30 permettront de travailler les fondamentaux de chaque instrument .<br \/>\n<\/span><\/p>\n<p><span class=\"d2edcug0 hpfvmrgz qv66sw1b c1et5uql lr9zc1uh a8c37x1j keod5gw0 nxhoafnm aigsh9s9 d3f4x2em fe6kdd0r mau55g9w c8b282yb iv3no6db jq4qci2q a3bd9o3v b1v8xokw oo9gr5id\" dir=\"auto\"><strong>Objectifs:<\/strong> s&rsquo;initier aux\u00a0 bases de l&rsquo; instrument: accords, rythmes, accompagnements&#8230; et aussi de d\u00e9couvrir la culture de cet instrument.<\/span><\/p>\n<p><span class=\"d2edcug0 hpfvmrgz qv66sw1b c1et5uql lr9zc1uh a8c37x1j keod5gw0 nxhoafnm aigsh9s9 d3f4x2em fe6kdd0r mau55g9w c8b282yb iv3no6db jq4qci2q a3bd9o3v b1v8xokw oo9gr5id\" dir=\"auto\">Les<strong> lundi 11, mardi 12, jeudi 14 et vendredi 15 avril 2022<\/strong>, de 9h 30 \u00e0 11h. \u00e0 Port-Louis au local de l&rsquo;\u00e9cole au 4 rue de la citadelle.<br \/>\n35 euros + 15 euros d&rsquo;adh\u00e9sion ponctuelle \u00e0 l&rsquo;\u00e9cole de musique. Possibilit\u00e9 de pr\u00eat d&rsquo;instrument, mais il est conseill\u00e9 d&rsquo;acqu\u00e9rir l&rsquo;instrument pour pouvoir continuer la pratique. Nous consulter pour conseils.<br \/>\n<\/span><\/p>\n<p><strong><span class=\"d2edcug0 hpfvmrgz qv66sw1b c1et5uql lr9zc1uh a8c37x1j keod5gw0 nxhoafnm aigsh9s9 d3f4x2em fe6kdd0r mau55g9w c8b282yb iv3no6db jq4qci2q a3bd9o3v b1v8xokw oo9gr5id\" dir=\"auto\">Inscription: contact@sonam.bzh<br \/>\nRenseignements 07-54-36-94-54<\/p>\n<p><\/span><\/strong><\/p>\n<p><\/p>","protected":false},"excerpt":{"rendered":"<p>non disponible For the sake of viewer convenience, the content is shown below in the alternative language. You may click the link to switch the active language. Initiation au ukul\u00e9l\u00e9: une opportunit\u00e9 de profiter des vacances scolaires en musique! Public: enfants \u00e0 partir de 8 ans, adultes m\u00eame d\u00e9butants. Sonam&rsquo; \u00e9cole de musique propose des\u00a0 [&hellip;]<\/p>\n","protected":false},"author":6,"featured_media":1159,"comment_status":"open","ping_status":"open","sticky":false,"template":"","format":"standard","meta":{"_bbp_topic_count":0,"_bbp_reply_count":0,"_bbp_total_topic_count":0,"_bbp_total_reply_count":0,"_bbp_voice_count":0,"_bbp_anonymous_reply_count":0,"_bbp_topic_count_hidden":0,"_bbp_reply_count_hidden":0,"_bbp_forum_subforum_count":0,"ngg_post_thumbnail":0,"_jetpack_memberships_contains_paid_content":false,"footnotes":""},"categories":[1],"tags":[],"class_list":{"0":"post-1317","1":"post","2":"type-post","3":"status-publish","4":"format-standard","5":"has-post-thumbnail","7":"category-non-classe","8":"czr-hentry"},"yoast_head":"<!-- This site is optimized with the Yoast SEO plugin v27.5 - https:\/\/yoast.com\/product\/yoast-seo-wordpress\/ -->\n<title>(Fran\u00e7ais) Initiation au ukul\u00e9l\u00e9 aux vacances de P\u00e2ques - Sonam&#039; - Skol Sonerezh<\/title>\n<meta name=\"robots\" content=\"index, follow, max-snippet:-1, max-image-preview:large, max-video-preview:-1\" \/>\n<link rel=\"canonical\" href=\"https:\/\/sonam.bzh\/2022\/03\/16\/initiation-au-ukulele-aux-vacances-de-paques\/\" class=\"yoast-seo-meta-tag\" \/>\n<meta property=\"og:locale\" content=\"en_US\" class=\"yoast-seo-meta-tag\" \/>\n<meta property=\"og:type\" content=\"article\" class=\"yoast-seo-meta-tag\" \/>\n<meta property=\"og:title\" content=\"(Fran\u00e7ais) Initiation au ukul\u00e9l\u00e9 aux vacances de P\u00e2ques - Sonam&#039; - Skol Sonerezh\" class=\"yoast-seo-meta-tag\" \/>\n<meta property=\"og:description\" content=\"non disponible For the sake of viewer convenience, the content is shown below in the alternative language. You may click the link to switch the active language. Initiation au ukul\u00e9l\u00e9: une opportunit\u00e9 de profiter des vacances scolaires en musique! Public: enfants \u00e0 partir de 8 ans, adultes m\u00eame d\u00e9butants. Sonam&rsquo; \u00e9cole de musique propose des\u00a0 [&hellip;]\" class=\"yoast-seo-meta-tag\" \/>\n<meta property=\"og:url\" content=\"https:\/\/sonam.bzh\/2022\/03\/16\/initiation-au-ukulele-aux-vacances-de-paques\/\" class=\"yoast-seo-meta-tag\" \/>\n<meta property=\"og:site_name\" content=\"Sonam&#039; - Skol Sonerezh\" class=\"yoast-seo-meta-tag\" \/>\n<meta property=\"article:publisher\" content=\"https:\/\/www.facebook.com\/SonamEcoleDeMusique\/\" class=\"yoast-seo-meta-tag\" \/>\n<meta property=\"article:published_time\" content=\"2022-03-16T10:28:12+00:00\" class=\"yoast-seo-meta-tag\" \/>\n<meta property=\"article:modified_time\" content=\"2022-03-16T11:37:10+00:00\" class=\"yoast-seo-meta-tag\" \/>\n<meta property=\"og:image\" content=\"https:\/\/sonam.bzh\/WP\/wp-content\/uploads\/2021\/02\/Sebastien-ululele-scaled.jpg\" class=\"yoast-seo-meta-tag\" \/>\n\t<meta property=\"og:image:width\" content=\"2245\" class=\"yoast-seo-meta-tag\" \/>\n\t<meta property=\"og:image:height\" content=\"2560\" class=\"yoast-seo-meta-tag\" \/>\n\t<meta property=\"og:image:type\" content=\"image\/jpeg\" class=\"yoast-seo-meta-tag\" \/>\n<meta name=\"author\" content=\"Nicolas\" class=\"yoast-seo-meta-tag\" \/>\n<meta name=\"twitter:card\" content=\"summary_large_image\" class=\"yoast-seo-meta-tag\" \/>\n<meta name=\"twitter:label1\" content=\"Written by\" class=\"yoast-seo-meta-tag\" \/>\n\t<meta name=\"twitter:data1\" content=\"Nicolas\" class=\"yoast-seo-meta-tag\" \/>\n\t<meta name=\"twitter:label2\" content=\"Est. reading time\" class=\"yoast-seo-meta-tag\" \/>\n\t<meta name=\"twitter:data2\" content=\"1 minute\" class=\"yoast-seo-meta-tag\" \/>\n<script type=\"application\/ld+json\" class=\"yoast-schema-graph\">{\"@context\":\"https:\\\/\\\/schema.org\",\"@graph\":[{\"@type\":\"Article\",\"@id\":\"https:\\\/\\\/sonam.bzh\\\/2022\\\/03\\\/16\\\/initiation-au-ukulele-aux-vacances-de-paques\\\/#article\",\"isPartOf\":{\"@id\":\"https:\\\/\\\/sonam.bzh\\\/2022\\\/03\\\/16\\\/initiation-au-ukulele-aux-vacances-de-paques\\\/\"},\"author\":{\"name\":\"Nicolas\",\"@id\":\"https:\\\/\\\/sonam.bzh\\\/#\\\/schema\\\/person\\\/640218b6626942d12cfb20b57b5f47dd\"},\"headline\":\"(Fran\u00e7ais) Initiation au ukul\u00e9l\u00e9 aux vacances de P\u00e2ques\",\"datePublished\":\"2022-03-16T10:28:12+00:00\",\"dateModified\":\"2022-03-16T11:37:10+00:00\",\"mainEntityOfPage\":{\"@id\":\"https:\\\/\\\/sonam.bzh\\\/2022\\\/03\\\/16\\\/initiation-au-ukulele-aux-vacances-de-paques\\\/\"},\"wordCount\":161,\"commentCount\":0,\"image\":{\"@id\":\"https:\\\/\\\/sonam.bzh\\\/2022\\\/03\\\/16\\\/initiation-au-ukulele-aux-vacances-de-paques\\\/#primaryimage\"},\"thumbnailUrl\":\"https:\\\/\\\/sonam.bzh\\\/WP\\\/wp-content\\\/uploads\\\/2021\\\/02\\\/Sebastien-ululele-scaled.jpg\",\"inLanguage\":\"br\",\"potentialAction\":[{\"@type\":\"CommentAction\",\"name\":\"Comment\",\"target\":[\"https:\\\/\\\/sonam.bzh\\\/2022\\\/03\\\/16\\\/initiation-au-ukulele-aux-vacances-de-paques\\\/#respond\"]}]},{\"@type\":\"WebPage\",\"@id\":\"https:\\\/\\\/sonam.bzh\\\/2022\\\/03\\\/16\\\/initiation-au-ukulele-aux-vacances-de-paques\\\/\",\"url\":\"https:\\\/\\\/sonam.bzh\\\/2022\\\/03\\\/16\\\/initiation-au-ukulele-aux-vacances-de-paques\\\/\",\"name\":\"(Fran\u00e7ais) Initiation au ukul\u00e9l\u00e9 aux vacances de P\u00e2ques - Sonam&#039; - Skol Sonerezh\",\"isPartOf\":{\"@id\":\"https:\\\/\\\/sonam.bzh\\\/#website\"},\"primaryImageOfPage\":{\"@id\":\"https:\\\/\\\/sonam.bzh\\\/2022\\\/03\\\/16\\\/initiation-au-ukulele-aux-vacances-de-paques\\\/#primaryimage\"},\"image\":{\"@id\":\"https:\\\/\\\/sonam.bzh\\\/2022\\\/03\\\/16\\\/initiation-au-ukulele-aux-vacances-de-paques\\\/#primaryimage\"},\"thumbnailUrl\":\"https:\\\/\\\/sonam.bzh\\\/WP\\\/wp-content\\\/uploads\\\/2021\\\/02\\\/Sebastien-ululele-scaled.jpg\",\"datePublished\":\"2022-03-16T10:28:12+00:00\",\"dateModified\":\"2022-03-16T11:37:10+00:00\",\"author\":{\"@id\":\"https:\\\/\\\/sonam.bzh\\\/#\\\/schema\\\/person\\\/640218b6626942d12cfb20b57b5f47dd\"},\"breadcrumb\":{\"@id\":\"https:\\\/\\\/sonam.bzh\\\/2022\\\/03\\\/16\\\/initiation-au-ukulele-aux-vacances-de-paques\\\/#breadcrumb\"},\"inLanguage\":\"br\",\"potentialAction\":[{\"@type\":\"ReadAction\",\"target\":[\"https:\\\/\\\/sonam.bzh\\\/2022\\\/03\\\/16\\\/initiation-au-ukulele-aux-vacances-de-paques\\\/\"]}]},{\"@type\":\"ImageObject\",\"inLanguage\":\"br\",\"@id\":\"https:\\\/\\\/sonam.bzh\\\/2022\\\/03\\\/16\\\/initiation-au-ukulele-aux-vacances-de-paques\\\/#primaryimage\",\"url\":\"https:\\\/\\\/sonam.bzh\\\/WP\\\/wp-content\\\/uploads\\\/2021\\\/02\\\/Sebastien-ululele-scaled.jpg\",\"contentUrl\":\"https:\\\/\\\/sonam.bzh\\\/WP\\\/wp-content\\\/uploads\\\/2021\\\/02\\\/Sebastien-ululele-scaled.jpg\",\"width\":2245,\"height\":2560},{\"@type\":\"BreadcrumbList\",\"@id\":\"https:\\\/\\\/sonam.bzh\\\/2022\\\/03\\\/16\\\/initiation-au-ukulele-aux-vacances-de-paques\\\/#breadcrumb\",\"itemListElement\":[{\"@type\":\"ListItem\",\"position\":1,\"name\":\"Accueil\",\"item\":\"https:\\\/\\\/sonam.bzh\\\/\"},{\"@type\":\"ListItem\",\"position\":2,\"name\":\"Initiation au ukul\u00e9l\u00e9 aux vacances de P\u00e2ques\"}]},{\"@type\":\"WebSite\",\"@id\":\"https:\\\/\\\/sonam.bzh\\\/#website\",\"url\":\"https:\\\/\\\/sonam.bzh\\\/\",\"name\":\"Sonam - Ecole de Musique\",\"description\":\"Sonam&#039; - Skol Sonerezh\",\"potentialAction\":[{\"@type\":\"SearchAction\",\"target\":{\"@type\":\"EntryPoint\",\"urlTemplate\":\"https:\\\/\\\/sonam.bzh\\\/?s={search_term_string}\"},\"query-input\":{\"@type\":\"PropertyValueSpecification\",\"valueRequired\":true,\"valueName\":\"search_term_string\"}}],\"inLanguage\":\"br\"},{\"@type\":\"Person\",\"@id\":\"https:\\\/\\\/sonam.bzh\\\/#\\\/schema\\\/person\\\/640218b6626942d12cfb20b57b5f47dd\",\"name\":\"Nicolas\",\"image\":{\"@type\":\"ImageObject\",\"inLanguage\":\"br\",\"@id\":\"\\\/\\\/www.gravatar.com\\\/avatar\\\/eb57aa1f6aca800af67972a72a6c397a?s=96&#038;r=g&#038;d=mm\",\"url\":\"\\\/\\\/www.gravatar.com\\\/avatar\\\/eb57aa1f6aca800af67972a72a6c397a?s=96&#038;r=g&#038;d=mm\",\"contentUrl\":\"\\\/\\\/www.gravatar.com\\\/avatar\\\/eb57aa1f6aca800af67972a72a6c397a?s=96&#038;r=g&#038;d=mm\",\"caption\":\"Nicolas\"}}]}<\/script>\n<!-- \/ Yoast SEO plugin. -->","yoast_head_json":{"title":"(Fran\u00e7ais) Initiation au ukul\u00e9l\u00e9 aux vacances de P\u00e2ques - Sonam&#039; - Skol Sonerezh","robots":{"index":"index","follow":"follow","max-snippet":"max-snippet:-1","max-image-preview":"max-image-preview:large","max-video-preview":"max-video-preview:-1"},"canonical":"https:\/\/sonam.bzh\/2022\/03\/16\/initiation-au-ukulele-aux-vacances-de-paques\/","og_locale":"en_US","og_type":"article","og_title":"(Fran\u00e7ais) Initiation au ukul\u00e9l\u00e9 aux vacances de P\u00e2ques - Sonam&#039; - Skol Sonerezh","og_description":"non disponible For the sake of viewer convenience, the content is shown below in the alternative language. You may click the link to switch the active language. Initiation au ukul\u00e9l\u00e9: une opportunit\u00e9 de profiter des vacances scolaires en musique! Public: enfants \u00e0 partir de 8 ans, adultes m\u00eame d\u00e9butants. Sonam&rsquo; \u00e9cole de musique propose des\u00a0 [&hellip;]","og_url":"https:\/\/sonam.bzh\/2022\/03\/16\/initiation-au-ukulele-aux-vacances-de-paques\/","og_site_name":"Sonam&#039; - Skol Sonerezh","article_publisher":"https:\/\/www.facebook.com\/SonamEcoleDeMusique\/","article_published_time":"2022-03-16T10:28:12+00:00","article_modified_time":"2022-03-16T11:37:10+00:00","og_image":[{"width":2245,"height":2560,"url":"https:\/\/sonam.bzh\/WP\/wp-content\/uploads\/2021\/02\/Sebastien-ululele-scaled.jpg","type":"image\/jpeg"}],"author":"Nicolas","twitter_card":"summary_large_image","twitter_misc":{"Written by":"Nicolas","Est. reading time":"1 minute"},"schema":{"@context":"https:\/\/schema.org","@graph":[{"@type":"Article","@id":"https:\/\/sonam.bzh\/2022\/03\/16\/initiation-au-ukulele-aux-vacances-de-paques\/#article","isPartOf":{"@id":"https:\/\/sonam.bzh\/2022\/03\/16\/initiation-au-ukulele-aux-vacances-de-paques\/"},"author":{"name":"Nicolas","@id":"https:\/\/sonam.bzh\/#\/schema\/person\/640218b6626942d12cfb20b57b5f47dd"},"headline":"(Fran\u00e7ais) Initiation au ukul\u00e9l\u00e9 aux vacances de P\u00e2ques","datePublished":"2022-03-16T10:28:12+00:00","dateModified":"2022-03-16T11:37:10+00:00","mainEntityOfPage":{"@id":"https:\/\/sonam.bzh\/2022\/03\/16\/initiation-au-ukulele-aux-vacances-de-paques\/"},"wordCount":161,"commentCount":0,"image":{"@id":"https:\/\/sonam.bzh\/2022\/03\/16\/initiation-au-ukulele-aux-vacances-de-paques\/#primaryimage"},"thumbnailUrl":"https:\/\/sonam.bzh\/WP\/wp-content\/uploads\/2021\/02\/Sebastien-ululele-scaled.jpg","inLanguage":"br","potentialAction":[{"@type":"CommentAction","name":"Comment","target":["https:\/\/sonam.bzh\/2022\/03\/16\/initiation-au-ukulele-aux-vacances-de-paques\/#respond"]}]},{"@type":"WebPage","@id":"https:\/\/sonam.bzh\/2022\/03\/16\/initiation-au-ukulele-aux-vacances-de-paques\/","url":"https:\/\/sonam.bzh\/2022\/03\/16\/initiation-au-ukulele-aux-vacances-de-paques\/","name":"(Fran\u00e7ais) Initiation au ukul\u00e9l\u00e9 aux vacances de P\u00e2ques - Sonam&#039; - Skol Sonerezh","isPartOf":{"@id":"https:\/\/sonam.bzh\/#website"},"primaryImageOfPage":{"@id":"https:\/\/sonam.bzh\/2022\/03\/16\/initiation-au-ukulele-aux-vacances-de-paques\/#primaryimage"},"image":{"@id":"https:\/\/sonam.bzh\/2022\/03\/16\/initiation-au-ukulele-aux-vacances-de-paques\/#primaryimage"},"thumbnailUrl":"https:\/\/sonam.bzh\/WP\/wp-content\/uploads\/2021\/02\/Sebastien-ululele-scaled.jpg","datePublished":"2022-03-16T10:28:12+00:00","dateModified":"2022-03-16T11:37:10+00:00","author":{"@id":"https:\/\/sonam.bzh\/#\/schema\/person\/640218b6626942d12cfb20b57b5f47dd"},"breadcrumb":{"@id":"https:\/\/sonam.bzh\/2022\/03\/16\/initiation-au-ukulele-aux-vacances-de-paques\/#breadcrumb"},"inLanguage":"br","potentialAction":[{"@type":"ReadAction","target":["https:\/\/sonam.bzh\/2022\/03\/16\/initiation-au-ukulele-aux-vacances-de-paques\/"]}]},{"@type":"ImageObject","inLanguage":"br","@id":"https:\/\/sonam.bzh\/2022\/03\/16\/initiation-au-ukulele-aux-vacances-de-paques\/#primaryimage","url":"https:\/\/sonam.bzh\/WP\/wp-content\/uploads\/2021\/02\/Sebastien-ululele-scaled.jpg","contentUrl":"https:\/\/sonam.bzh\/WP\/wp-content\/uploads\/2021\/02\/Sebastien-ululele-scaled.jpg","width":2245,"height":2560},{"@type":"BreadcrumbList","@id":"https:\/\/sonam.bzh\/2022\/03\/16\/initiation-au-ukulele-aux-vacances-de-paques\/#breadcrumb","itemListElement":[{"@type":"ListItem","position":1,"name":"Accueil","item":"https:\/\/sonam.bzh\/"},{"@type":"ListItem","position":2,"name":"Initiation au ukul\u00e9l\u00e9 aux vacances de P\u00e2ques"}]},{"@type":"WebSite","@id":"https:\/\/sonam.bzh\/#website","url":"https:\/\/sonam.bzh\/","name":"Sonam - Ecole de Musique","description":"Sonam&#039; - Skol Sonerezh","potentialAction":[{"@type":"SearchAction","target":{"@type":"EntryPoint","urlTemplate":"https:\/\/sonam.bzh\/?s={search_term_string}"},"query-input":{"@type":"PropertyValueSpecification","valueRequired":true,"valueName":"search_term_string"}}],"inLanguage":"br"},{"@type":"Person","@id":"https:\/\/sonam.bzh\/#\/schema\/person\/640218b6626942d12cfb20b57b5f47dd","name":"Nicolas","image":{"@type":"ImageObject","inLanguage":"br","@id":"\/\/www.gravatar.com\/avatar\/eb57aa1f6aca800af67972a72a6c397a?s=96&#038;r=g&#038;d=mm","url":"\/\/www.gravatar.com\/avatar\/eb57aa1f6aca800af67972a72a6c397a?s=96&#038;r=g&#038;d=mm","contentUrl":"\/\/www.gravatar.com\/avatar\/eb57aa1f6aca800af67972a72a6c397a?s=96&#038;r=g&#038;d=mm","caption":"Nicolas"}}]}},"jetpack_featured_media_url":"https:\/\/sonam.bzh\/WP\/wp-content\/uploads\/2021\/02\/Sebastien-ululele-scaled.jpg","jetpack_sharing_enabled":true,"_links":{"self":[{"href":"https:\/\/sonam.bzh\/br\/wp-json\/wp\/v2\/posts\/1317","targetHints":{"allow":["GET"]}}],"collection":[{"href":"https:\/\/sonam.bzh\/br\/wp-json\/wp\/v2\/posts"}],"about":[{"href":"https:\/\/sonam.bzh\/br\/wp-json\/wp\/v2\/types\/post"}],"author":[{"embeddable":true,"href":"https:\/\/sonam.bzh\/br\/wp-json\/wp\/v2\/users\/6"}],"replies":[{"embeddable":true,"href":"https:\/\/sonam.bzh\/br\/wp-json\/wp\/v2\/comments?post=1317"}],"version-history":[{"count":0,"href":"https:\/\/sonam.bzh\/br\/wp-json\/wp\/v2\/posts\/1317\/revisions"}],"wp:featuredmedia":[{"embeddable":true,"href":"https:\/\/sonam.bzh\/br\/wp-json\/wp\/v2\/media\/1159"}],"wp:attachment":[{"href":"https:\/\/sonam.bzh\/br\/wp-json\/wp\/v2\/media?parent=1317"}],"wp:term":[{"taxonomy":"category","embeddable":true,"href":"https:\/\/sonam.bzh\/br\/wp-json\/wp\/v2\/categories?post=1317"},{"taxonomy":"post_tag","embeddable":true,"href":"https:\/\/sonam.bzh\/br\/wp-json\/wp\/v2\/tags?post=1317"}],"curies":[{"name":"wp","href":"https:\/\/api.w.org\/{rel}","templated":true}]}}