{"id":1306,"date":"2022-02-09T10:33:53","date_gmt":"2022-02-09T09:33:53","guid":{"rendered":"http:\/\/sonam.bzh\/?p=1306"},"modified":"2022-02-28T10:25:44","modified_gmt":"2022-02-28T09:25:44","slug":"atelier-chant-dans-la-ronde-pour-les-enfants","status":"publish","type":"post","link":"https:\/\/sonam.bzh\/br\/2022\/02\/09\/atelier-chant-dans-la-ronde-pour-les-enfants\/","title":{"rendered":"(Fran\u00e7ais) Atelier &nbsp;&raquo;chant dans la ronde&nbsp;&raquo; pour les enfants avec Ja\u00f1-Mai Priol"},"content":{"rendered":"<p class=\"qtranxs-available-languages-message qtranxs-available-languages-message-br\">non disponible For the sake of viewer convenience, the content is shown below in the alternative language. You may click the link to switch the active language.<\/p><p><\/p>\n<p><strong><span style=\"color: #000000\"><span style=\"font-family: Calibri, Helvetica, sans-serif\"><span style=\"font-size: medium\">Atelier de chant dans la ronde pour enfants (6-12 ans)<\/span><\/span><\/span><\/strong><\/p>\n<p><i>Dans le cadre des Deizio\u00f9, festival culturel breton <\/i><\/p>\n<p><span style=\"color: #000000\"><span style=\"font-family: Calibri, Helvetica, sans-serif\"><span style=\"font-size: medium\"><i>Chants en breton et en fran\u00e7ais<\/i><\/span><\/span><\/span><\/p>\n<p><span style=\"color: #000000\"><span style=\"font-family: Calibri, Helvetica, sans-serif\"><span style=\"font-size: medium\">Intervenant: Ja\u00f1-Ma\u00cf Priol. Chanteur tr\u00e9gorois sp\u00e9cialiste du kan ha diskan, il aime transmettre le plaisir de chanter au travers de la danse. <br \/>\n<\/span><\/span><\/span><\/p>\n<p><span style=\"color: #000000\"><span style=\"font-family: Calibri, Helvetica, sans-serif\"><span style=\"font-size: medium\">Samedi 26 mars, 14h30-16h30 + go\u00fbter et restitution jusqu&rsquo;\u00e0 17h15, Sainte H\u00e9l\u00e8ne ou Kervignac (\u00e0 confirmer)<\/span><\/span><\/span><\/p>\n<p><span style=\"color: #000000\"><span style=\"font-family: Calibri, Helvetica, sans-serif\"><span style=\"font-size: medium\">10\u20ac pour les adh\u00e9rents, 15\u20ac pour les non-adh\u00e9rents<br \/>\n<\/span><\/span><\/span><\/p>\n<p><span style=\"color: #000000\"><span style=\"font-family: Calibri, Helvetica, sans-serif\"><span style=\"font-size: medium\">Inscription\u00a0: <a href=\"mailto:contact@sonam.bzh\">contact@sonam.bzh<\/a><\/span><\/span><\/span><\/p>\n<p><span style=\"color: #000000\"><span style=\"font-family: Calibri, Helvetica, sans-serif\"><span style=\"font-size: medium\">Renseignements\u00a0: 07-54-36-94-54<\/span><\/span><\/span><\/p>\n<p><img loading=\"lazy\" decoding=\"async\" class=\"alignnone size-medium wp-image-1307\" src=\"http:\/\/sonam.bzh\/WP\/wp-content\/uploads\/2022\/02\/Photo-Jan-Mai-Priol-300x155.jpg\" alt=\"\" width=\"300\" height=\"155\" srcset=\"https:\/\/sonam.bzh\/WP\/wp-content\/uploads\/2022\/02\/Photo-Jan-Mai-Priol-300x155.jpg 300w, https:\/\/sonam.bzh\/WP\/wp-content\/uploads\/2022\/02\/Photo-Jan-Mai-Priol-768x398.jpg 768w, https:\/\/sonam.bzh\/WP\/wp-content\/uploads\/2022\/02\/Photo-Jan-Mai-Priol.jpg 840w\" sizes=\"auto, (max-width: 300px) 100vw, 300px\" \/><\/p>\n<p><\/p>","protected":false},"excerpt":{"rendered":"<p>non disponible For the sake of viewer convenience, the content is shown below in the alternative language. You may click the link to switch the active language. Atelier de chant dans la ronde pour enfants (6-12 ans) Dans le cadre des Deizio\u00f9, festival culturel breton Chants en breton et en fran\u00e7ais Intervenant: Ja\u00f1-Ma\u00cf Priol. Chanteur [&hellip;]<\/p>\n","protected":false},"author":6,"featured_media":1307,"comment_status":"open","ping_status":"open","sticky":false,"template":"","format":"standard","meta":{"_bbp_topic_count":0,"_bbp_reply_count":0,"_bbp_total_topic_count":0,"_bbp_total_reply_count":0,"_bbp_voice_count":0,"_bbp_anonymous_reply_count":0,"_bbp_topic_count_hidden":0,"_bbp_reply_count_hidden":0,"_bbp_forum_subforum_count":0,"ngg_post_thumbnail":0,"_jetpack_memberships_contains_paid_content":false,"footnotes":""},"categories":[1],"tags":[],"class_list":{"0":"post-1306","1":"post","2":"type-post","3":"status-publish","4":"format-standard","5":"has-post-thumbnail","7":"category-non-classe","8":"czr-hentry"},"yoast_head":"<!-- This site is optimized with the Yoast SEO plugin v27.5 - https:\/\/yoast.com\/product\/yoast-seo-wordpress\/ -->\n<title>(Fran\u00e7ais) Atelier &#039;&#039;chant dans la ronde&#039;&#039; pour les enfants avec Ja\u00f1-Mai Priol - Sonam&#039; - Skol Sonerezh<\/title>\n<meta name=\"robots\" content=\"index, follow, max-snippet:-1, max-image-preview:large, max-video-preview:-1\" \/>\n<link rel=\"canonical\" href=\"https:\/\/sonam.bzh\/2022\/02\/09\/atelier-chant-dans-la-ronde-pour-les-enfants\/\" class=\"yoast-seo-meta-tag\" \/>\n<meta property=\"og:locale\" content=\"en_US\" class=\"yoast-seo-meta-tag\" \/>\n<meta property=\"og:type\" content=\"article\" class=\"yoast-seo-meta-tag\" \/>\n<meta property=\"og:title\" content=\"(Fran\u00e7ais) Atelier &#039;&#039;chant dans la ronde&#039;&#039; pour les enfants avec Ja\u00f1-Mai Priol - Sonam&#039; - Skol Sonerezh\" class=\"yoast-seo-meta-tag\" \/>\n<meta property=\"og:description\" content=\"non disponible For the sake of viewer convenience, the content is shown below in the alternative language. You may click the link to switch the active language. Atelier de chant dans la ronde pour enfants (6-12 ans) Dans le cadre des Deizio\u00f9, festival culturel breton Chants en breton et en fran\u00e7ais Intervenant: Ja\u00f1-Ma\u00cf Priol. Chanteur [&hellip;]\" class=\"yoast-seo-meta-tag\" \/>\n<meta property=\"og:url\" content=\"https:\/\/sonam.bzh\/2022\/02\/09\/atelier-chant-dans-la-ronde-pour-les-enfants\/\" class=\"yoast-seo-meta-tag\" \/>\n<meta property=\"og:site_name\" content=\"Sonam&#039; - Skol Sonerezh\" class=\"yoast-seo-meta-tag\" \/>\n<meta property=\"article:publisher\" content=\"https:\/\/www.facebook.com\/SonamEcoleDeMusique\/\" class=\"yoast-seo-meta-tag\" \/>\n<meta property=\"article:published_time\" content=\"2022-02-09T09:33:53+00:00\" class=\"yoast-seo-meta-tag\" \/>\n<meta property=\"article:modified_time\" content=\"2022-02-28T09:25:44+00:00\" class=\"yoast-seo-meta-tag\" \/>\n<meta property=\"og:image\" content=\"https:\/\/sonam.bzh\/WP\/wp-content\/uploads\/2022\/02\/Photo-Jan-Mai-Priol.jpg\" class=\"yoast-seo-meta-tag\" \/>\n\t<meta property=\"og:image:width\" content=\"840\" class=\"yoast-seo-meta-tag\" \/>\n\t<meta property=\"og:image:height\" content=\"435\" class=\"yoast-seo-meta-tag\" \/>\n\t<meta property=\"og:image:type\" content=\"image\/jpeg\" class=\"yoast-seo-meta-tag\" \/>\n<meta name=\"author\" content=\"Nicolas\" class=\"yoast-seo-meta-tag\" \/>\n<meta name=\"twitter:card\" content=\"summary_large_image\" class=\"yoast-seo-meta-tag\" \/>\n<meta name=\"twitter:label1\" content=\"Written by\" class=\"yoast-seo-meta-tag\" \/>\n\t<meta name=\"twitter:data1\" content=\"Nicolas\" class=\"yoast-seo-meta-tag\" \/>\n\t<meta name=\"twitter:label2\" content=\"Est. reading time\" class=\"yoast-seo-meta-tag\" \/>\n\t<meta name=\"twitter:data2\" content=\"1 minute\" class=\"yoast-seo-meta-tag\" \/>\n<script type=\"application\/ld+json\" class=\"yoast-schema-graph\">{\"@context\":\"https:\\\/\\\/schema.org\",\"@graph\":[{\"@type\":\"Article\",\"@id\":\"https:\\\/\\\/sonam.bzh\\\/2022\\\/02\\\/09\\\/atelier-chant-dans-la-ronde-pour-les-enfants\\\/#article\",\"isPartOf\":{\"@id\":\"https:\\\/\\\/sonam.bzh\\\/2022\\\/02\\\/09\\\/atelier-chant-dans-la-ronde-pour-les-enfants\\\/\"},\"author\":{\"name\":\"Nicolas\",\"@id\":\"https:\\\/\\\/sonam.bzh\\\/#\\\/schema\\\/person\\\/640218b6626942d12cfb20b57b5f47dd\"},\"headline\":\"(Fran\u00e7ais) Atelier &nbsp;&raquo;chant dans la ronde&nbsp;&raquo; pour les enfants avec Ja\u00f1-Mai Priol\",\"datePublished\":\"2022-02-09T09:33:53+00:00\",\"dateModified\":\"2022-02-28T09:25:44+00:00\",\"mainEntityOfPage\":{\"@id\":\"https:\\\/\\\/sonam.bzh\\\/2022\\\/02\\\/09\\\/atelier-chant-dans-la-ronde-pour-les-enfants\\\/\"},\"wordCount\":99,\"commentCount\":0,\"image\":{\"@id\":\"https:\\\/\\\/sonam.bzh\\\/2022\\\/02\\\/09\\\/atelier-chant-dans-la-ronde-pour-les-enfants\\\/#primaryimage\"},\"thumbnailUrl\":\"https:\\\/\\\/sonam.bzh\\\/WP\\\/wp-content\\\/uploads\\\/2022\\\/02\\\/Photo-Jan-Mai-Priol.jpg\",\"inLanguage\":\"br\",\"potentialAction\":[{\"@type\":\"CommentAction\",\"name\":\"Comment\",\"target\":[\"https:\\\/\\\/sonam.bzh\\\/2022\\\/02\\\/09\\\/atelier-chant-dans-la-ronde-pour-les-enfants\\\/#respond\"]}]},{\"@type\":\"WebPage\",\"@id\":\"https:\\\/\\\/sonam.bzh\\\/2022\\\/02\\\/09\\\/atelier-chant-dans-la-ronde-pour-les-enfants\\\/\",\"url\":\"https:\\\/\\\/sonam.bzh\\\/2022\\\/02\\\/09\\\/atelier-chant-dans-la-ronde-pour-les-enfants\\\/\",\"name\":\"(Fran\u00e7ais) Atelier ''chant dans la ronde'' pour les enfants avec Ja\u00f1-Mai Priol - Sonam&#039; - Skol Sonerezh\",\"isPartOf\":{\"@id\":\"https:\\\/\\\/sonam.bzh\\\/#website\"},\"primaryImageOfPage\":{\"@id\":\"https:\\\/\\\/sonam.bzh\\\/2022\\\/02\\\/09\\\/atelier-chant-dans-la-ronde-pour-les-enfants\\\/#primaryimage\"},\"image\":{\"@id\":\"https:\\\/\\\/sonam.bzh\\\/2022\\\/02\\\/09\\\/atelier-chant-dans-la-ronde-pour-les-enfants\\\/#primaryimage\"},\"thumbnailUrl\":\"https:\\\/\\\/sonam.bzh\\\/WP\\\/wp-content\\\/uploads\\\/2022\\\/02\\\/Photo-Jan-Mai-Priol.jpg\",\"datePublished\":\"2022-02-09T09:33:53+00:00\",\"dateModified\":\"2022-02-28T09:25:44+00:00\",\"author\":{\"@id\":\"https:\\\/\\\/sonam.bzh\\\/#\\\/schema\\\/person\\\/640218b6626942d12cfb20b57b5f47dd\"},\"breadcrumb\":{\"@id\":\"https:\\\/\\\/sonam.bzh\\\/2022\\\/02\\\/09\\\/atelier-chant-dans-la-ronde-pour-les-enfants\\\/#breadcrumb\"},\"inLanguage\":\"br\",\"potentialAction\":[{\"@type\":\"ReadAction\",\"target\":[\"https:\\\/\\\/sonam.bzh\\\/2022\\\/02\\\/09\\\/atelier-chant-dans-la-ronde-pour-les-enfants\\\/\"]}]},{\"@type\":\"ImageObject\",\"inLanguage\":\"br\",\"@id\":\"https:\\\/\\\/sonam.bzh\\\/2022\\\/02\\\/09\\\/atelier-chant-dans-la-ronde-pour-les-enfants\\\/#primaryimage\",\"url\":\"https:\\\/\\\/sonam.bzh\\\/WP\\\/wp-content\\\/uploads\\\/2022\\\/02\\\/Photo-Jan-Mai-Priol.jpg\",\"contentUrl\":\"https:\\\/\\\/sonam.bzh\\\/WP\\\/wp-content\\\/uploads\\\/2022\\\/02\\\/Photo-Jan-Mai-Priol.jpg\",\"width\":840,\"height\":435},{\"@type\":\"BreadcrumbList\",\"@id\":\"https:\\\/\\\/sonam.bzh\\\/2022\\\/02\\\/09\\\/atelier-chant-dans-la-ronde-pour-les-enfants\\\/#breadcrumb\",\"itemListElement\":[{\"@type\":\"ListItem\",\"position\":1,\"name\":\"Accueil\",\"item\":\"https:\\\/\\\/sonam.bzh\\\/\"},{\"@type\":\"ListItem\",\"position\":2,\"name\":\"Atelier &#8221;chant dans la ronde&#8221; pour les enfants avec Ja\u00f1-Mai Priol\"}]},{\"@type\":\"WebSite\",\"@id\":\"https:\\\/\\\/sonam.bzh\\\/#website\",\"url\":\"https:\\\/\\\/sonam.bzh\\\/\",\"name\":\"Sonam - Ecole de Musique\",\"description\":\"Sonam&#039; - Skol Sonerezh\",\"potentialAction\":[{\"@type\":\"SearchAction\",\"target\":{\"@type\":\"EntryPoint\",\"urlTemplate\":\"https:\\\/\\\/sonam.bzh\\\/?s={search_term_string}\"},\"query-input\":{\"@type\":\"PropertyValueSpecification\",\"valueRequired\":true,\"valueName\":\"search_term_string\"}}],\"inLanguage\":\"br\"},{\"@type\":\"Person\",\"@id\":\"https:\\\/\\\/sonam.bzh\\\/#\\\/schema\\\/person\\\/640218b6626942d12cfb20b57b5f47dd\",\"name\":\"Nicolas\",\"image\":{\"@type\":\"ImageObject\",\"inLanguage\":\"br\",\"@id\":\"\\\/\\\/www.gravatar.com\\\/avatar\\\/eb57aa1f6aca800af67972a72a6c397a?s=96&#038;r=g&#038;d=mm\",\"url\":\"\\\/\\\/www.gravatar.com\\\/avatar\\\/eb57aa1f6aca800af67972a72a6c397a?s=96&#038;r=g&#038;d=mm\",\"contentUrl\":\"\\\/\\\/www.gravatar.com\\\/avatar\\\/eb57aa1f6aca800af67972a72a6c397a?s=96&#038;r=g&#038;d=mm\",\"caption\":\"Nicolas\"}}]}<\/script>\n<!-- \/ Yoast SEO plugin. -->","yoast_head_json":{"title":"(Fran\u00e7ais) Atelier ''chant dans la ronde'' pour les enfants avec Ja\u00f1-Mai Priol - Sonam&#039; - Skol Sonerezh","robots":{"index":"index","follow":"follow","max-snippet":"max-snippet:-1","max-image-preview":"max-image-preview:large","max-video-preview":"max-video-preview:-1"},"canonical":"https:\/\/sonam.bzh\/2022\/02\/09\/atelier-chant-dans-la-ronde-pour-les-enfants\/","og_locale":"en_US","og_type":"article","og_title":"(Fran\u00e7ais) Atelier ''chant dans la ronde'' pour les enfants avec Ja\u00f1-Mai Priol - Sonam&#039; - Skol Sonerezh","og_description":"non disponible For the sake of viewer convenience, the content is shown below in the alternative language. You may click the link to switch the active language. Atelier de chant dans la ronde pour enfants (6-12 ans) Dans le cadre des Deizio\u00f9, festival culturel breton Chants en breton et en fran\u00e7ais Intervenant: Ja\u00f1-Ma\u00cf Priol. Chanteur [&hellip;]","og_url":"https:\/\/sonam.bzh\/2022\/02\/09\/atelier-chant-dans-la-ronde-pour-les-enfants\/","og_site_name":"Sonam&#039; - Skol Sonerezh","article_publisher":"https:\/\/www.facebook.com\/SonamEcoleDeMusique\/","article_published_time":"2022-02-09T09:33:53+00:00","article_modified_time":"2022-02-28T09:25:44+00:00","og_image":[{"width":840,"height":435,"url":"https:\/\/sonam.bzh\/WP\/wp-content\/uploads\/2022\/02\/Photo-Jan-Mai-Priol.jpg","type":"image\/jpeg"}],"author":"Nicolas","twitter_card":"summary_large_image","twitter_misc":{"Written by":"Nicolas","Est. reading time":"1 minute"},"schema":{"@context":"https:\/\/schema.org","@graph":[{"@type":"Article","@id":"https:\/\/sonam.bzh\/2022\/02\/09\/atelier-chant-dans-la-ronde-pour-les-enfants\/#article","isPartOf":{"@id":"https:\/\/sonam.bzh\/2022\/02\/09\/atelier-chant-dans-la-ronde-pour-les-enfants\/"},"author":{"name":"Nicolas","@id":"https:\/\/sonam.bzh\/#\/schema\/person\/640218b6626942d12cfb20b57b5f47dd"},"headline":"(Fran\u00e7ais) Atelier &nbsp;&raquo;chant dans la ronde&nbsp;&raquo; pour les enfants avec Ja\u00f1-Mai Priol","datePublished":"2022-02-09T09:33:53+00:00","dateModified":"2022-02-28T09:25:44+00:00","mainEntityOfPage":{"@id":"https:\/\/sonam.bzh\/2022\/02\/09\/atelier-chant-dans-la-ronde-pour-les-enfants\/"},"wordCount":99,"commentCount":0,"image":{"@id":"https:\/\/sonam.bzh\/2022\/02\/09\/atelier-chant-dans-la-ronde-pour-les-enfants\/#primaryimage"},"thumbnailUrl":"https:\/\/sonam.bzh\/WP\/wp-content\/uploads\/2022\/02\/Photo-Jan-Mai-Priol.jpg","inLanguage":"br","potentialAction":[{"@type":"CommentAction","name":"Comment","target":["https:\/\/sonam.bzh\/2022\/02\/09\/atelier-chant-dans-la-ronde-pour-les-enfants\/#respond"]}]},{"@type":"WebPage","@id":"https:\/\/sonam.bzh\/2022\/02\/09\/atelier-chant-dans-la-ronde-pour-les-enfants\/","url":"https:\/\/sonam.bzh\/2022\/02\/09\/atelier-chant-dans-la-ronde-pour-les-enfants\/","name":"(Fran\u00e7ais) Atelier ''chant dans la ronde'' pour les enfants avec Ja\u00f1-Mai Priol - Sonam&#039; - Skol Sonerezh","isPartOf":{"@id":"https:\/\/sonam.bzh\/#website"},"primaryImageOfPage":{"@id":"https:\/\/sonam.bzh\/2022\/02\/09\/atelier-chant-dans-la-ronde-pour-les-enfants\/#primaryimage"},"image":{"@id":"https:\/\/sonam.bzh\/2022\/02\/09\/atelier-chant-dans-la-ronde-pour-les-enfants\/#primaryimage"},"thumbnailUrl":"https:\/\/sonam.bzh\/WP\/wp-content\/uploads\/2022\/02\/Photo-Jan-Mai-Priol.jpg","datePublished":"2022-02-09T09:33:53+00:00","dateModified":"2022-02-28T09:25:44+00:00","author":{"@id":"https:\/\/sonam.bzh\/#\/schema\/person\/640218b6626942d12cfb20b57b5f47dd"},"breadcrumb":{"@id":"https:\/\/sonam.bzh\/2022\/02\/09\/atelier-chant-dans-la-ronde-pour-les-enfants\/#breadcrumb"},"inLanguage":"br","potentialAction":[{"@type":"ReadAction","target":["https:\/\/sonam.bzh\/2022\/02\/09\/atelier-chant-dans-la-ronde-pour-les-enfants\/"]}]},{"@type":"ImageObject","inLanguage":"br","@id":"https:\/\/sonam.bzh\/2022\/02\/09\/atelier-chant-dans-la-ronde-pour-les-enfants\/#primaryimage","url":"https:\/\/sonam.bzh\/WP\/wp-content\/uploads\/2022\/02\/Photo-Jan-Mai-Priol.jpg","contentUrl":"https:\/\/sonam.bzh\/WP\/wp-content\/uploads\/2022\/02\/Photo-Jan-Mai-Priol.jpg","width":840,"height":435},{"@type":"BreadcrumbList","@id":"https:\/\/sonam.bzh\/2022\/02\/09\/atelier-chant-dans-la-ronde-pour-les-enfants\/#breadcrumb","itemListElement":[{"@type":"ListItem","position":1,"name":"Accueil","item":"https:\/\/sonam.bzh\/"},{"@type":"ListItem","position":2,"name":"Atelier &#8221;chant dans la ronde&#8221; pour les enfants avec Ja\u00f1-Mai Priol"}]},{"@type":"WebSite","@id":"https:\/\/sonam.bzh\/#website","url":"https:\/\/sonam.bzh\/","name":"Sonam - Ecole de Musique","description":"Sonam&#039; - Skol Sonerezh","potentialAction":[{"@type":"SearchAction","target":{"@type":"EntryPoint","urlTemplate":"https:\/\/sonam.bzh\/?s={search_term_string}"},"query-input":{"@type":"PropertyValueSpecification","valueRequired":true,"valueName":"search_term_string"}}],"inLanguage":"br"},{"@type":"Person","@id":"https:\/\/sonam.bzh\/#\/schema\/person\/640218b6626942d12cfb20b57b5f47dd","name":"Nicolas","image":{"@type":"ImageObject","inLanguage":"br","@id":"\/\/www.gravatar.com\/avatar\/eb57aa1f6aca800af67972a72a6c397a?s=96&#038;r=g&#038;d=mm","url":"\/\/www.gravatar.com\/avatar\/eb57aa1f6aca800af67972a72a6c397a?s=96&#038;r=g&#038;d=mm","contentUrl":"\/\/www.gravatar.com\/avatar\/eb57aa1f6aca800af67972a72a6c397a?s=96&#038;r=g&#038;d=mm","caption":"Nicolas"}}]}},"jetpack_featured_media_url":"https:\/\/sonam.bzh\/WP\/wp-content\/uploads\/2022\/02\/Photo-Jan-Mai-Priol.jpg","jetpack_sharing_enabled":true,"_links":{"self":[{"href":"https:\/\/sonam.bzh\/br\/wp-json\/wp\/v2\/posts\/1306","targetHints":{"allow":["GET"]}}],"collection":[{"href":"https:\/\/sonam.bzh\/br\/wp-json\/wp\/v2\/posts"}],"about":[{"href":"https:\/\/sonam.bzh\/br\/wp-json\/wp\/v2\/types\/post"}],"author":[{"embeddable":true,"href":"https:\/\/sonam.bzh\/br\/wp-json\/wp\/v2\/users\/6"}],"replies":[{"embeddable":true,"href":"https:\/\/sonam.bzh\/br\/wp-json\/wp\/v2\/comments?post=1306"}],"version-history":[{"count":0,"href":"https:\/\/sonam.bzh\/br\/wp-json\/wp\/v2\/posts\/1306\/revisions"}],"wp:featuredmedia":[{"embeddable":true,"href":"https:\/\/sonam.bzh\/br\/wp-json\/wp\/v2\/media\/1307"}],"wp:attachment":[{"href":"https:\/\/sonam.bzh\/br\/wp-json\/wp\/v2\/media?parent=1306"}],"wp:term":[{"taxonomy":"category","embeddable":true,"href":"https:\/\/sonam.bzh\/br\/wp-json\/wp\/v2\/categories?post=1306"},{"taxonomy":"post_tag","embeddable":true,"href":"https:\/\/sonam.bzh\/br\/wp-json\/wp\/v2\/tags?post=1306"}],"curies":[{"name":"wp","href":"https:\/\/api.w.org\/{rel}","templated":true}]}}