{"id":1303,"date":"2022-01-28T10:21:19","date_gmt":"2022-01-28T09:21:19","guid":{"rendered":"http:\/\/sonam.bzh\/?p=1303"},"modified":"2022-01-28T10:21:36","modified_gmt":"2022-01-28T09:21:36","slug":"stage-et-fest-noz-avec-war-sav-le-26-mars","status":"publish","type":"post","link":"https:\/\/sonam.bzh\/br\/2022\/01\/28\/stage-et-fest-noz-avec-war-sav-le-26-mars\/","title":{"rendered":"(Fran\u00e7ais) Stage et fest-noz avec War-sav le 26 mars"},"content":{"rendered":"<p class=\"qtranxs-available-languages-message qtranxs-available-languages-message-br\">non disponible For the sake of viewer convenience, the content is shown below in the alternative language. You may click the link to switch the active language.<\/p><p><\/p>\n<p><img loading=\"lazy\" decoding=\"async\" class=\"alignnone size-medium wp-image-1304\" src=\"http:\/\/sonam.bzh\/WP\/wp-content\/uploads\/2022\/01\/Photo-War-sav-por-stage-300x155.jpg\" alt=\"\" width=\"300\" height=\"155\" srcset=\"https:\/\/sonam.bzh\/WP\/wp-content\/uploads\/2022\/01\/Photo-War-sav-por-stage-300x155.jpg 300w, https:\/\/sonam.bzh\/WP\/wp-content\/uploads\/2022\/01\/Photo-War-sav-por-stage-768x398.jpg 768w, https:\/\/sonam.bzh\/WP\/wp-content\/uploads\/2022\/01\/Photo-War-sav-por-stage.jpg 840w\" sizes=\"auto, (max-width: 300px) 100vw, 300px\" \/><\/p>\n<p>Le <strong>fest-noz annuel\u00a0 de Sonam\u2019<\/strong> \u00e9cole de musique aura lieu le 26 mars 2022, salle Beg er lann, Sainte H\u00e9l\u00e8ne.<\/p>\n<p>18h: ap\u00e9ro chant\u00e9: Jan Ma\u00cf Priol, Korentin Le Davay, Laurent Landat, chanteuses et chanteurs de l&rsquo;\u00e9cole, vous\u2026<\/p>\n<p>A partir de 19h : repas cr\u00eapes\/galettes et FEST-NOZ avec, War-sav, Landat-Moisson, Le Davay-Priol, les \u00e9l\u00e8ves et enseignant(e)s de l&rsquo;\u00e9cole de musique<i>+ <\/i>les stagiaires du jour et invit\u00e9s des \u00e9coles du Kreiz Breizh et de Lannion-Tr\u00e9gor<\/p>\n<p><em>8E (gratuit mineurs)<\/em><\/p>\n<p><strong>Le fest-noz sera pr\u00e9c\u00e9d\u00e9 d&rsquo;un stage de musique tous instruments avec le groupe War-sav, <\/strong>de 9h30 \u00e0 17h+restitution en soir\u00e9e.<\/p>\n<p><span style=\"color: #000000\">Le groupe de fest-noz venant de sortir son premier disque, les musiciens de War-sav vous proposent d\u2019apprendre \u00e0 jouer quelques airs de leur r\u00e9pertoire. Les violonistes, chanteuses ou chanteurs, accord\u00e9onistes, guitaristes, talabardeurs ou clarinettistes sont particuli\u00e8rement concern\u00e9s, ces instruments \u00e9tant pratiqu\u00e9s par les musiciens du groupe. Le stage est destin\u00e9 \u00e0 tout musicien d\u00e9sireux de partager l\u2019exp\u00e9rience de professionnels. C\u2019est l\u2019occasion d\u2019\u00e9changer sur leurs arrangements, leur fa\u00e7on d\u2019\u00eatre \u2018\u2019artiste\u2019\u2019, des conseils pour jouer en orchestres, des conseils instrumentaux\u2026<\/span><\/p>\n<p><span style=\"color: #000000\">Des supports seront propos\u00e9s avant le stage, il est donc conseill\u00e9 de s\u2019inscrire au plus tard un mois avant pour les recevoir.<\/span><\/p>\n<p><em>Tarif\u00a0: 35E. + 15 E d\u2019adh\u00e9sion \u00e0 l\u2019\u00e9cole de musique<\/em><\/p>\n<p>Un<strong> stage de chant dans la ronde pour enfants<\/strong> sera propos\u00e9 le m\u00eame jour avec <strong>Ja\u00f1-Mai Priol<\/strong> &lsquo;article \u00e0 suivre).<\/p>\n<p>Inscription\u00a0: <a href=\"mailto:contact@sonam.bzh\">contact@sonam.bzh, r<\/a>enseignements : 07-54-36-94-54<\/p>\n<p>&nbsp;<\/p>\n<p><strong>En savoir plus sur War-sav: http:\/\/www.warsav.bzh\/fr\/,<\/strong><\/p>\n<p>et une vid\u00e9o ici:<\/p>\n<p><span class=\"embed-youtube\" style=\"text-align:center; display: block;\"><iframe loading=\"lazy\" class=\"youtube-player\" width=\"1170\" height=\"659\" src=\"https:\/\/www.youtube.com\/embed\/UB74LkRkiks?version=3&#038;rel=1&#038;showsearch=0&#038;showinfo=1&#038;iv_load_policy=1&#038;fs=1&#038;hl=br&#038;autohide=2&#038;wmode=transparent\" allowfullscreen=\"true\" style=\"border:0;\" sandbox=\"allow-scripts allow-same-origin allow-popups allow-presentation allow-popups-to-escape-sandbox\"><\/iframe><\/span><\/p>\n<p>&nbsp;<\/p>\n<p><\/p>","protected":false},"excerpt":{"rendered":"<p>non disponible For the sake of viewer convenience, the content is shown below in the alternative language. You may click the link to switch the active language. Le fest-noz annuel\u00a0 de Sonam\u2019 \u00e9cole de musique aura lieu le 26 mars 2022, salle Beg er lann, Sainte H\u00e9l\u00e8ne. 18h: ap\u00e9ro chant\u00e9: Jan Ma\u00cf Priol, Korentin Le [&hellip;]<\/p>\n","protected":false},"author":6,"featured_media":1304,"comment_status":"open","ping_status":"open","sticky":false,"template":"","format":"standard","meta":{"_bbp_topic_count":0,"_bbp_reply_count":0,"_bbp_total_topic_count":0,"_bbp_total_reply_count":0,"_bbp_voice_count":0,"_bbp_anonymous_reply_count":0,"_bbp_topic_count_hidden":0,"_bbp_reply_count_hidden":0,"_bbp_forum_subforum_count":0,"ngg_post_thumbnail":0,"_jetpack_memberships_contains_paid_content":false,"footnotes":""},"categories":[1],"tags":[],"class_list":{"0":"post-1303","1":"post","2":"type-post","3":"status-publish","4":"format-standard","5":"has-post-thumbnail","7":"category-non-classe","8":"czr-hentry"},"yoast_head":"<!-- This site is optimized with the Yoast SEO plugin v27.5 - https:\/\/yoast.com\/product\/yoast-seo-wordpress\/ -->\n<title>(Fran\u00e7ais) Stage et fest-noz avec War-sav le 26 mars - Sonam&#039; - Skol Sonerezh<\/title>\n<meta name=\"robots\" content=\"index, follow, max-snippet:-1, max-image-preview:large, max-video-preview:-1\" \/>\n<link rel=\"canonical\" href=\"https:\/\/sonam.bzh\/2022\/01\/28\/stage-et-fest-noz-avec-war-sav-le-26-mars\/\" class=\"yoast-seo-meta-tag\" \/>\n<meta property=\"og:locale\" content=\"en_US\" class=\"yoast-seo-meta-tag\" \/>\n<meta property=\"og:type\" content=\"article\" class=\"yoast-seo-meta-tag\" \/>\n<meta property=\"og:title\" content=\"(Fran\u00e7ais) Stage et fest-noz avec War-sav le 26 mars - Sonam&#039; - Skol Sonerezh\" class=\"yoast-seo-meta-tag\" \/>\n<meta property=\"og:description\" content=\"non disponible For the sake of viewer convenience, the content is shown below in the alternative language. You may click the link to switch the active language. Le fest-noz annuel\u00a0 de Sonam\u2019 \u00e9cole de musique aura lieu le 26 mars 2022, salle Beg er lann, Sainte H\u00e9l\u00e8ne. 18h: ap\u00e9ro chant\u00e9: Jan Ma\u00cf Priol, Korentin Le [&hellip;]\" class=\"yoast-seo-meta-tag\" \/>\n<meta property=\"og:url\" content=\"https:\/\/sonam.bzh\/2022\/01\/28\/stage-et-fest-noz-avec-war-sav-le-26-mars\/\" class=\"yoast-seo-meta-tag\" \/>\n<meta property=\"og:site_name\" content=\"Sonam&#039; - Skol Sonerezh\" class=\"yoast-seo-meta-tag\" \/>\n<meta property=\"article:publisher\" content=\"https:\/\/www.facebook.com\/SonamEcoleDeMusique\/\" class=\"yoast-seo-meta-tag\" \/>\n<meta property=\"article:published_time\" content=\"2022-01-28T09:21:19+00:00\" class=\"yoast-seo-meta-tag\" \/>\n<meta property=\"article:modified_time\" content=\"2022-01-28T09:21:36+00:00\" class=\"yoast-seo-meta-tag\" \/>\n<meta property=\"og:image\" content=\"https:\/\/sonam.bzh\/WP\/wp-content\/uploads\/2022\/01\/Photo-War-sav-por-stage.jpg\" class=\"yoast-seo-meta-tag\" \/>\n\t<meta property=\"og:image:width\" content=\"840\" class=\"yoast-seo-meta-tag\" \/>\n\t<meta property=\"og:image:height\" content=\"435\" class=\"yoast-seo-meta-tag\" \/>\n\t<meta property=\"og:image:type\" content=\"image\/jpeg\" class=\"yoast-seo-meta-tag\" \/>\n<meta name=\"author\" content=\"Nicolas\" class=\"yoast-seo-meta-tag\" \/>\n<meta name=\"twitter:card\" content=\"summary_large_image\" class=\"yoast-seo-meta-tag\" \/>\n<meta name=\"twitter:label1\" content=\"Written by\" class=\"yoast-seo-meta-tag\" \/>\n\t<meta name=\"twitter:data1\" content=\"Nicolas\" class=\"yoast-seo-meta-tag\" \/>\n\t<meta name=\"twitter:label2\" content=\"Est. reading time\" class=\"yoast-seo-meta-tag\" \/>\n\t<meta name=\"twitter:data2\" content=\"2 minutes\" class=\"yoast-seo-meta-tag\" \/>\n<script type=\"application\/ld+json\" class=\"yoast-schema-graph\">{\"@context\":\"https:\\\/\\\/schema.org\",\"@graph\":[{\"@type\":\"Article\",\"@id\":\"https:\\\/\\\/sonam.bzh\\\/2022\\\/01\\\/28\\\/stage-et-fest-noz-avec-war-sav-le-26-mars\\\/#article\",\"isPartOf\":{\"@id\":\"https:\\\/\\\/sonam.bzh\\\/2022\\\/01\\\/28\\\/stage-et-fest-noz-avec-war-sav-le-26-mars\\\/\"},\"author\":{\"name\":\"Nicolas\",\"@id\":\"https:\\\/\\\/sonam.bzh\\\/#\\\/schema\\\/person\\\/640218b6626942d12cfb20b57b5f47dd\"},\"headline\":\"(Fran\u00e7ais) Stage et fest-noz avec War-sav le 26 mars\",\"datePublished\":\"2022-01-28T09:21:19+00:00\",\"dateModified\":\"2022-01-28T09:21:36+00:00\",\"mainEntityOfPage\":{\"@id\":\"https:\\\/\\\/sonam.bzh\\\/2022\\\/01\\\/28\\\/stage-et-fest-noz-avec-war-sav-le-26-mars\\\/\"},\"wordCount\":296,\"commentCount\":0,\"image\":{\"@id\":\"https:\\\/\\\/sonam.bzh\\\/2022\\\/01\\\/28\\\/stage-et-fest-noz-avec-war-sav-le-26-mars\\\/#primaryimage\"},\"thumbnailUrl\":\"https:\\\/\\\/sonam.bzh\\\/WP\\\/wp-content\\\/uploads\\\/2022\\\/01\\\/Photo-War-sav-por-stage.jpg\",\"inLanguage\":\"br\",\"potentialAction\":[{\"@type\":\"CommentAction\",\"name\":\"Comment\",\"target\":[\"https:\\\/\\\/sonam.bzh\\\/2022\\\/01\\\/28\\\/stage-et-fest-noz-avec-war-sav-le-26-mars\\\/#respond\"]}]},{\"@type\":\"WebPage\",\"@id\":\"https:\\\/\\\/sonam.bzh\\\/2022\\\/01\\\/28\\\/stage-et-fest-noz-avec-war-sav-le-26-mars\\\/\",\"url\":\"https:\\\/\\\/sonam.bzh\\\/2022\\\/01\\\/28\\\/stage-et-fest-noz-avec-war-sav-le-26-mars\\\/\",\"name\":\"(Fran\u00e7ais) Stage et fest-noz avec War-sav le 26 mars - Sonam&#039; - Skol Sonerezh\",\"isPartOf\":{\"@id\":\"https:\\\/\\\/sonam.bzh\\\/#website\"},\"primaryImageOfPage\":{\"@id\":\"https:\\\/\\\/sonam.bzh\\\/2022\\\/01\\\/28\\\/stage-et-fest-noz-avec-war-sav-le-26-mars\\\/#primaryimage\"},\"image\":{\"@id\":\"https:\\\/\\\/sonam.bzh\\\/2022\\\/01\\\/28\\\/stage-et-fest-noz-avec-war-sav-le-26-mars\\\/#primaryimage\"},\"thumbnailUrl\":\"https:\\\/\\\/sonam.bzh\\\/WP\\\/wp-content\\\/uploads\\\/2022\\\/01\\\/Photo-War-sav-por-stage.jpg\",\"datePublished\":\"2022-01-28T09:21:19+00:00\",\"dateModified\":\"2022-01-28T09:21:36+00:00\",\"author\":{\"@id\":\"https:\\\/\\\/sonam.bzh\\\/#\\\/schema\\\/person\\\/640218b6626942d12cfb20b57b5f47dd\"},\"breadcrumb\":{\"@id\":\"https:\\\/\\\/sonam.bzh\\\/2022\\\/01\\\/28\\\/stage-et-fest-noz-avec-war-sav-le-26-mars\\\/#breadcrumb\"},\"inLanguage\":\"br\",\"potentialAction\":[{\"@type\":\"ReadAction\",\"target\":[\"https:\\\/\\\/sonam.bzh\\\/2022\\\/01\\\/28\\\/stage-et-fest-noz-avec-war-sav-le-26-mars\\\/\"]}]},{\"@type\":\"ImageObject\",\"inLanguage\":\"br\",\"@id\":\"https:\\\/\\\/sonam.bzh\\\/2022\\\/01\\\/28\\\/stage-et-fest-noz-avec-war-sav-le-26-mars\\\/#primaryimage\",\"url\":\"https:\\\/\\\/sonam.bzh\\\/WP\\\/wp-content\\\/uploads\\\/2022\\\/01\\\/Photo-War-sav-por-stage.jpg\",\"contentUrl\":\"https:\\\/\\\/sonam.bzh\\\/WP\\\/wp-content\\\/uploads\\\/2022\\\/01\\\/Photo-War-sav-por-stage.jpg\",\"width\":840,\"height\":435},{\"@type\":\"BreadcrumbList\",\"@id\":\"https:\\\/\\\/sonam.bzh\\\/2022\\\/01\\\/28\\\/stage-et-fest-noz-avec-war-sav-le-26-mars\\\/#breadcrumb\",\"itemListElement\":[{\"@type\":\"ListItem\",\"position\":1,\"name\":\"Accueil\",\"item\":\"https:\\\/\\\/sonam.bzh\\\/\"},{\"@type\":\"ListItem\",\"position\":2,\"name\":\"Stage et fest-noz avec War-sav le 26 mars\"}]},{\"@type\":\"WebSite\",\"@id\":\"https:\\\/\\\/sonam.bzh\\\/#website\",\"url\":\"https:\\\/\\\/sonam.bzh\\\/\",\"name\":\"Sonam - Ecole de Musique\",\"description\":\"Sonam&#039; - Skol Sonerezh\",\"potentialAction\":[{\"@type\":\"SearchAction\",\"target\":{\"@type\":\"EntryPoint\",\"urlTemplate\":\"https:\\\/\\\/sonam.bzh\\\/?s={search_term_string}\"},\"query-input\":{\"@type\":\"PropertyValueSpecification\",\"valueRequired\":true,\"valueName\":\"search_term_string\"}}],\"inLanguage\":\"br\"},{\"@type\":\"Person\",\"@id\":\"https:\\\/\\\/sonam.bzh\\\/#\\\/schema\\\/person\\\/640218b6626942d12cfb20b57b5f47dd\",\"name\":\"Nicolas\",\"image\":{\"@type\":\"ImageObject\",\"inLanguage\":\"br\",\"@id\":\"\\\/\\\/www.gravatar.com\\\/avatar\\\/eb57aa1f6aca800af67972a72a6c397a?s=96&#038;r=g&#038;d=mm\",\"url\":\"\\\/\\\/www.gravatar.com\\\/avatar\\\/eb57aa1f6aca800af67972a72a6c397a?s=96&#038;r=g&#038;d=mm\",\"contentUrl\":\"\\\/\\\/www.gravatar.com\\\/avatar\\\/eb57aa1f6aca800af67972a72a6c397a?s=96&#038;r=g&#038;d=mm\",\"caption\":\"Nicolas\"}}]}<\/script>\n<!-- \/ Yoast SEO plugin. -->","yoast_head_json":{"title":"(Fran\u00e7ais) Stage et fest-noz avec War-sav le 26 mars - Sonam&#039; - Skol Sonerezh","robots":{"index":"index","follow":"follow","max-snippet":"max-snippet:-1","max-image-preview":"max-image-preview:large","max-video-preview":"max-video-preview:-1"},"canonical":"https:\/\/sonam.bzh\/2022\/01\/28\/stage-et-fest-noz-avec-war-sav-le-26-mars\/","og_locale":"en_US","og_type":"article","og_title":"(Fran\u00e7ais) Stage et fest-noz avec War-sav le 26 mars - Sonam&#039; - Skol Sonerezh","og_description":"non disponible For the sake of viewer convenience, the content is shown below in the alternative language. You may click the link to switch the active language. Le fest-noz annuel\u00a0 de Sonam\u2019 \u00e9cole de musique aura lieu le 26 mars 2022, salle Beg er lann, Sainte H\u00e9l\u00e8ne. 18h: ap\u00e9ro chant\u00e9: Jan Ma\u00cf Priol, Korentin Le [&hellip;]","og_url":"https:\/\/sonam.bzh\/2022\/01\/28\/stage-et-fest-noz-avec-war-sav-le-26-mars\/","og_site_name":"Sonam&#039; - Skol Sonerezh","article_publisher":"https:\/\/www.facebook.com\/SonamEcoleDeMusique\/","article_published_time":"2022-01-28T09:21:19+00:00","article_modified_time":"2022-01-28T09:21:36+00:00","og_image":[{"width":840,"height":435,"url":"https:\/\/sonam.bzh\/WP\/wp-content\/uploads\/2022\/01\/Photo-War-sav-por-stage.jpg","type":"image\/jpeg"}],"author":"Nicolas","twitter_card":"summary_large_image","twitter_misc":{"Written by":"Nicolas","Est. reading time":"2 minutes"},"schema":{"@context":"https:\/\/schema.org","@graph":[{"@type":"Article","@id":"https:\/\/sonam.bzh\/2022\/01\/28\/stage-et-fest-noz-avec-war-sav-le-26-mars\/#article","isPartOf":{"@id":"https:\/\/sonam.bzh\/2022\/01\/28\/stage-et-fest-noz-avec-war-sav-le-26-mars\/"},"author":{"name":"Nicolas","@id":"https:\/\/sonam.bzh\/#\/schema\/person\/640218b6626942d12cfb20b57b5f47dd"},"headline":"(Fran\u00e7ais) Stage et fest-noz avec War-sav le 26 mars","datePublished":"2022-01-28T09:21:19+00:00","dateModified":"2022-01-28T09:21:36+00:00","mainEntityOfPage":{"@id":"https:\/\/sonam.bzh\/2022\/01\/28\/stage-et-fest-noz-avec-war-sav-le-26-mars\/"},"wordCount":296,"commentCount":0,"image":{"@id":"https:\/\/sonam.bzh\/2022\/01\/28\/stage-et-fest-noz-avec-war-sav-le-26-mars\/#primaryimage"},"thumbnailUrl":"https:\/\/sonam.bzh\/WP\/wp-content\/uploads\/2022\/01\/Photo-War-sav-por-stage.jpg","inLanguage":"br","potentialAction":[{"@type":"CommentAction","name":"Comment","target":["https:\/\/sonam.bzh\/2022\/01\/28\/stage-et-fest-noz-avec-war-sav-le-26-mars\/#respond"]}]},{"@type":"WebPage","@id":"https:\/\/sonam.bzh\/2022\/01\/28\/stage-et-fest-noz-avec-war-sav-le-26-mars\/","url":"https:\/\/sonam.bzh\/2022\/01\/28\/stage-et-fest-noz-avec-war-sav-le-26-mars\/","name":"(Fran\u00e7ais) Stage et fest-noz avec War-sav le 26 mars - Sonam&#039; - Skol Sonerezh","isPartOf":{"@id":"https:\/\/sonam.bzh\/#website"},"primaryImageOfPage":{"@id":"https:\/\/sonam.bzh\/2022\/01\/28\/stage-et-fest-noz-avec-war-sav-le-26-mars\/#primaryimage"},"image":{"@id":"https:\/\/sonam.bzh\/2022\/01\/28\/stage-et-fest-noz-avec-war-sav-le-26-mars\/#primaryimage"},"thumbnailUrl":"https:\/\/sonam.bzh\/WP\/wp-content\/uploads\/2022\/01\/Photo-War-sav-por-stage.jpg","datePublished":"2022-01-28T09:21:19+00:00","dateModified":"2022-01-28T09:21:36+00:00","author":{"@id":"https:\/\/sonam.bzh\/#\/schema\/person\/640218b6626942d12cfb20b57b5f47dd"},"breadcrumb":{"@id":"https:\/\/sonam.bzh\/2022\/01\/28\/stage-et-fest-noz-avec-war-sav-le-26-mars\/#breadcrumb"},"inLanguage":"br","potentialAction":[{"@type":"ReadAction","target":["https:\/\/sonam.bzh\/2022\/01\/28\/stage-et-fest-noz-avec-war-sav-le-26-mars\/"]}]},{"@type":"ImageObject","inLanguage":"br","@id":"https:\/\/sonam.bzh\/2022\/01\/28\/stage-et-fest-noz-avec-war-sav-le-26-mars\/#primaryimage","url":"https:\/\/sonam.bzh\/WP\/wp-content\/uploads\/2022\/01\/Photo-War-sav-por-stage.jpg","contentUrl":"https:\/\/sonam.bzh\/WP\/wp-content\/uploads\/2022\/01\/Photo-War-sav-por-stage.jpg","width":840,"height":435},{"@type":"BreadcrumbList","@id":"https:\/\/sonam.bzh\/2022\/01\/28\/stage-et-fest-noz-avec-war-sav-le-26-mars\/#breadcrumb","itemListElement":[{"@type":"ListItem","position":1,"name":"Accueil","item":"https:\/\/sonam.bzh\/"},{"@type":"ListItem","position":2,"name":"Stage et fest-noz avec War-sav le 26 mars"}]},{"@type":"WebSite","@id":"https:\/\/sonam.bzh\/#website","url":"https:\/\/sonam.bzh\/","name":"Sonam - Ecole de Musique","description":"Sonam&#039; - Skol Sonerezh","potentialAction":[{"@type":"SearchAction","target":{"@type":"EntryPoint","urlTemplate":"https:\/\/sonam.bzh\/?s={search_term_string}"},"query-input":{"@type":"PropertyValueSpecification","valueRequired":true,"valueName":"search_term_string"}}],"inLanguage":"br"},{"@type":"Person","@id":"https:\/\/sonam.bzh\/#\/schema\/person\/640218b6626942d12cfb20b57b5f47dd","name":"Nicolas","image":{"@type":"ImageObject","inLanguage":"br","@id":"\/\/www.gravatar.com\/avatar\/eb57aa1f6aca800af67972a72a6c397a?s=96&#038;r=g&#038;d=mm","url":"\/\/www.gravatar.com\/avatar\/eb57aa1f6aca800af67972a72a6c397a?s=96&#038;r=g&#038;d=mm","contentUrl":"\/\/www.gravatar.com\/avatar\/eb57aa1f6aca800af67972a72a6c397a?s=96&#038;r=g&#038;d=mm","caption":"Nicolas"}}]}},"jetpack_featured_media_url":"https:\/\/sonam.bzh\/WP\/wp-content\/uploads\/2022\/01\/Photo-War-sav-por-stage.jpg","jetpack_sharing_enabled":true,"_links":{"self":[{"href":"https:\/\/sonam.bzh\/br\/wp-json\/wp\/v2\/posts\/1303","targetHints":{"allow":["GET"]}}],"collection":[{"href":"https:\/\/sonam.bzh\/br\/wp-json\/wp\/v2\/posts"}],"about":[{"href":"https:\/\/sonam.bzh\/br\/wp-json\/wp\/v2\/types\/post"}],"author":[{"embeddable":true,"href":"https:\/\/sonam.bzh\/br\/wp-json\/wp\/v2\/users\/6"}],"replies":[{"embeddable":true,"href":"https:\/\/sonam.bzh\/br\/wp-json\/wp\/v2\/comments?post=1303"}],"version-history":[{"count":0,"href":"https:\/\/sonam.bzh\/br\/wp-json\/wp\/v2\/posts\/1303\/revisions"}],"wp:featuredmedia":[{"embeddable":true,"href":"https:\/\/sonam.bzh\/br\/wp-json\/wp\/v2\/media\/1304"}],"wp:attachment":[{"href":"https:\/\/sonam.bzh\/br\/wp-json\/wp\/v2\/media?parent=1303"}],"wp:term":[{"taxonomy":"category","embeddable":true,"href":"https:\/\/sonam.bzh\/br\/wp-json\/wp\/v2\/categories?post=1303"},{"taxonomy":"post_tag","embeddable":true,"href":"https:\/\/sonam.bzh\/br\/wp-json\/wp\/v2\/tags?post=1303"}],"curies":[{"name":"wp","href":"https:\/\/api.w.org\/{rel}","templated":true}]}}