{"id":1241,"date":"2021-10-01T17:12:54","date_gmt":"2021-10-01T15:12:54","guid":{"rendered":"http:\/\/sonam.bzh\/?p=1241"},"modified":"2021-10-01T17:36:59","modified_gmt":"2021-10-01T15:36:59","slug":"stages-dinitiation-ukulele-ou-cajon-pendant-les-vacances-de-toussaint","status":"publish","type":"post","link":"https:\/\/sonam.bzh\/br\/2021\/10\/01\/stages-dinitiation-ukulele-ou-cajon-pendant-les-vacances-de-toussaint\/","title":{"rendered":"(Fran\u00e7ais) Stages d&rsquo;initiation: ukul\u00e9l\u00e9 ou cajon pendant les vacances de Toussaint"},"content":{"rendered":"<p class=\"qtranxs-available-languages-message qtranxs-available-languages-message-br\">non disponible For the sake of viewer convenience, the content is shown below in the alternative language. You may click the link to switch the active language.<\/p><p><\/p>\n<p>&nbsp;<\/p>\n<p><img loading=\"lazy\" decoding=\"async\" class=\"alignnone size-medium wp-image-1242\" src=\"http:\/\/sonam.bzh\/WP\/wp-content\/uploads\/2021\/10\/Glenn-Dagorn-au-cajon-280x300.jpg\" alt=\"\" width=\"280\" height=\"300\" srcset=\"https:\/\/sonam.bzh\/WP\/wp-content\/uploads\/2021\/10\/Glenn-Dagorn-au-cajon-280x300.jpg 280w, https:\/\/sonam.bzh\/WP\/wp-content\/uploads\/2021\/10\/Glenn-Dagorn-au-cajon-955x1024.jpg 955w, https:\/\/sonam.bzh\/WP\/wp-content\/uploads\/2021\/10\/Glenn-Dagorn-au-cajon-768x823.jpg 768w, https:\/\/sonam.bzh\/WP\/wp-content\/uploads\/2021\/10\/Glenn-Dagorn-au-cajon-1433x1536.jpg 1433w, https:\/\/sonam.bzh\/WP\/wp-content\/uploads\/2021\/10\/Glenn-Dagorn-au-cajon-1911x2048.jpg 1911w\" sizes=\"auto, (max-width: 280px) 100vw, 280px\" \/><img loading=\"lazy\" decoding=\"async\" class=\"alignnone size-medium wp-image-1159\" src=\"http:\/\/sonam.bzh\/WP\/wp-content\/uploads\/2021\/02\/Sebastien-ululele-263x300.jpg\" alt=\"\" width=\"263\" height=\"300\" srcset=\"https:\/\/sonam.bzh\/WP\/wp-content\/uploads\/2021\/02\/Sebastien-ululele-263x300.jpg 263w, https:\/\/sonam.bzh\/WP\/wp-content\/uploads\/2021\/02\/Sebastien-ululele-898x1024.jpg 898w, https:\/\/sonam.bzh\/WP\/wp-content\/uploads\/2021\/02\/Sebastien-ululele-768x876.jpg 768w, https:\/\/sonam.bzh\/WP\/wp-content\/uploads\/2021\/02\/Sebastien-ululele-1347x1536.jpg 1347w, https:\/\/sonam.bzh\/WP\/wp-content\/uploads\/2021\/02\/Sebastien-ululele-1796x2048.jpg 1796w\" sizes=\"auto, (max-width: 263px) 100vw, 263px\" \/><\/p>\n<p><span class=\"d2edcug0 hpfvmrgz qv66sw1b c1et5uql lr9zc1uh a8c37x1j keod5gw0 nxhoafnm aigsh9s9 d3f4x2em fe6kdd0r mau55g9w c8b282yb iv3no6db jq4qci2q a3bd9o3v b1v8xokw oo9gr5id\" dir=\"auto\"><strong>Ukul\u00e9l\u00e9 ou cajon: une opportunit\u00e9 de profiter des vacances scolaires en musique!<\/strong><br \/>\n<\/span><\/p>\n<p><span class=\"d2edcug0 hpfvmrgz qv66sw1b c1et5uql lr9zc1uh a8c37x1j keod5gw0 nxhoafnm aigsh9s9 d3f4x2em fe6kdd0r mau55g9w c8b282yb iv3no6db jq4qci2q a3bd9o3v b1v8xokw oo9gr5id\" dir=\"auto\">Public: enfants \u00e0 partir de 8 ans, adultes m\u00eame d\u00e9butants.<br \/>\nSonam&rsquo; \u00e9cole de musique propose des\u00a0 stage de d\u00e9couverte avec S\u00e9bastien Gocsei et Glenn Dagorn. S\u00e9bastien est musicien intervenant et enseignant de guitare. Glenn est enseignant multi-instrumentiste (batterie, piano,&#8230;).<\/span><\/p>\n<p><span class=\"d2edcug0 hpfvmrgz qv66sw1b c1et5uql lr9zc1uh a8c37x1j keod5gw0 nxhoafnm aigsh9s9 d3f4x2em fe6kdd0r mau55g9w c8b282yb iv3no6db jq4qci2q a3bd9o3v b1v8xokw oo9gr5id\" dir=\"auto\">Les instruments propos\u00e9s sont choisis pour leur acc\u00e8s id\u00e9al pour des d\u00e9butants.Quatre s\u00e9ances d&rsquo;1h30 permettront de travailler les fondamentaux de chaque instrument .<br \/>\n<\/span><\/p>\n<p><span class=\"d2edcug0 hpfvmrgz qv66sw1b c1et5uql lr9zc1uh a8c37x1j keod5gw0 nxhoafnm aigsh9s9 d3f4x2em fe6kdd0r mau55g9w c8b282yb iv3no6db jq4qci2q a3bd9o3v b1v8xokw oo9gr5id\" dir=\"auto\"><strong>Ukul\u00e9l\u00e9<\/strong> <\/span><\/p>\n<p><span class=\"d2edcug0 hpfvmrgz qv66sw1b c1et5uql lr9zc1uh a8c37x1j keod5gw0 nxhoafnm aigsh9s9 d3f4x2em fe6kdd0r mau55g9w c8b282yb iv3no6db jq4qci2q a3bd9o3v b1v8xokw oo9gr5id\" dir=\"auto\">Objectifs: s&rsquo;initier aux\u00a0 bases de l&rsquo; instrument: accords, rythmes, accompagnements&#8230; et aussi de d\u00e9couvrir la culture de cet instrument.<\/span><\/p>\n<p><strong><span class=\"d2edcug0 hpfvmrgz qv66sw1b c1et5uql lr9zc1uh a8c37x1j keod5gw0 nxhoafnm aigsh9s9 d3f4x2em fe6kdd0r mau55g9w c8b282yb iv3no6db jq4qci2q a3bd9o3v b1v8xokw oo9gr5id\" dir=\"auto\">Cajon<\/span><\/strong><\/p>\n<div class=\"o9v6fnle cxmmr5t8 oygrvhab hcukyx3x c1et5uql\">Gr\u00e2ce \u00e0 ses diff\u00e9rentes combinaisons sonores, le cajon est utilis\u00e9 dans <br \/>\nbeaucoup de styles musicaux, soit comme instrument \u00e0 percussion mais <br \/>\n\u00e9galement comme \u00ab remplacement \u00bb de la batterie pour des raisons <br \/>\npratiques ou musicales.<\/div>\n<div class=\"o9v6fnle cxmmr5t8 oygrvhab hcukyx3x c1et5uql\">Lors de ce stage, Glenn Dagorn vous propose de d\u00e9couvrir diff\u00e9rents rythmes <br \/>\net de les pratiquer en groupe<\/div>\n<p><span class=\"d2edcug0 hpfvmrgz qv66sw1b c1et5uql lr9zc1uh a8c37x1j keod5gw0 nxhoafnm aigsh9s9 d3f4x2em fe6kdd0r mau55g9w c8b282yb iv3no6db jq4qci2q a3bd9o3v b1v8xokw oo9gr5id\" dir=\"auto\"><br \/>\nLes<strong> lundi 25, mardi 26, jeudi 28 et vendredi 29 octobre 2021<\/strong>, de 9h 30 \u00e0 11h. pour le ukul\u00e9l\u00e9 (\u00e0 Port-Louis au local de l&rsquo;\u00e9cole au 4 ruue de la citadelle), de 16h30 \u00e0 18h pour le cajon (salle polyvalente de Kernours \u00e0 Kervignac.<br \/>\n35 euros + 15 euros d&rsquo;adh\u00e9sion ponctuelle \u00e0 l&rsquo;\u00e9cole de musique. Possibilit\u00e9 de pr\u00eat d&rsquo;instrument, mais il est conseill\u00e9 d&rsquo;acqu\u00e9rir l&rsquo;instrument pour pouvoir continuer la pratique. Nous consulter pour conseils.<br \/>\n<\/span><\/p>\n<p><strong><span class=\"d2edcug0 hpfvmrgz qv66sw1b c1et5uql lr9zc1uh a8c37x1j keod5gw0 nxhoafnm aigsh9s9 d3f4x2em fe6kdd0r mau55g9w c8b282yb iv3no6db jq4qci2q a3bd9o3v b1v8xokw oo9gr5id\" dir=\"auto\">Passe sanitaire demand\u00e9 \u00e0 partir de 12 ans.<br \/>\nRenseignements 07-54-36-94-54<br \/>\nInscription: contact@sonam.bzh<\/span><\/strong><\/p>\n<p><\/p>","protected":false},"excerpt":{"rendered":"<p>non disponible For the sake of viewer convenience, the content is shown below in the alternative language. You may click the link to switch the active language. &nbsp; Ukul\u00e9l\u00e9 ou cajon: une opportunit\u00e9 de profiter des vacances scolaires en musique! Public: enfants \u00e0 partir de 8 ans, adultes m\u00eame d\u00e9butants. Sonam&rsquo; \u00e9cole de musique propose [&hellip;]<\/p>\n","protected":false},"author":6,"featured_media":0,"comment_status":"open","ping_status":"open","sticky":false,"template":"","format":"standard","meta":{"_bbp_topic_count":0,"_bbp_reply_count":0,"_bbp_total_topic_count":0,"_bbp_total_reply_count":0,"_bbp_voice_count":0,"_bbp_anonymous_reply_count":0,"_bbp_topic_count_hidden":0,"_bbp_reply_count_hidden":0,"_bbp_forum_subforum_count":0,"ngg_post_thumbnail":0,"_jetpack_memberships_contains_paid_content":false,"footnotes":""},"categories":[1],"tags":[],"class_list":{"0":"post-1241","1":"post","2":"type-post","3":"status-publish","4":"format-standard","6":"category-non-classe","7":"czr-hentry"},"yoast_head":"<!-- This site is optimized with the Yoast SEO plugin v27.5 - https:\/\/yoast.com\/product\/yoast-seo-wordpress\/ -->\n<title>(Fran\u00e7ais) Stages d&#039;initiation: ukul\u00e9l\u00e9 ou cajon pendant les vacances de Toussaint - Sonam&#039; - Skol Sonerezh<\/title>\n<meta name=\"robots\" content=\"index, follow, max-snippet:-1, max-image-preview:large, max-video-preview:-1\" \/>\n<link rel=\"canonical\" href=\"https:\/\/sonam.bzh\/2021\/10\/01\/stages-dinitiation-ukulele-ou-cajon-pendant-les-vacances-de-toussaint\/\" class=\"yoast-seo-meta-tag\" \/>\n<meta property=\"og:locale\" content=\"en_US\" class=\"yoast-seo-meta-tag\" \/>\n<meta property=\"og:type\" content=\"article\" class=\"yoast-seo-meta-tag\" \/>\n<meta property=\"og:title\" content=\"(Fran\u00e7ais) Stages d&#039;initiation: ukul\u00e9l\u00e9 ou cajon pendant les vacances de Toussaint - Sonam&#039; - Skol Sonerezh\" class=\"yoast-seo-meta-tag\" \/>\n<meta property=\"og:description\" content=\"non disponible For the sake of viewer convenience, the content is shown below in the alternative language. You may click the link to switch the active language. &nbsp; Ukul\u00e9l\u00e9 ou cajon: une opportunit\u00e9 de profiter des vacances scolaires en musique! Public: enfants \u00e0 partir de 8 ans, adultes m\u00eame d\u00e9butants. Sonam&rsquo; \u00e9cole de musique propose [&hellip;]\" class=\"yoast-seo-meta-tag\" \/>\n<meta property=\"og:url\" content=\"https:\/\/sonam.bzh\/2021\/10\/01\/stages-dinitiation-ukulele-ou-cajon-pendant-les-vacances-de-toussaint\/\" class=\"yoast-seo-meta-tag\" \/>\n<meta property=\"og:site_name\" content=\"Sonam&#039; - Skol Sonerezh\" class=\"yoast-seo-meta-tag\" \/>\n<meta property=\"article:publisher\" content=\"https:\/\/www.facebook.com\/SonamEcoleDeMusique\/\" class=\"yoast-seo-meta-tag\" \/>\n<meta property=\"article:published_time\" content=\"2021-10-01T15:12:54+00:00\" class=\"yoast-seo-meta-tag\" \/>\n<meta property=\"article:modified_time\" content=\"2021-10-01T15:36:59+00:00\" class=\"yoast-seo-meta-tag\" \/>\n<meta property=\"og:image\" content=\"http:\/\/sonam.bzh\/WP\/wp-content\/uploads\/2021\/10\/Glenn-Dagorn-au-cajon-280x300.jpg\" class=\"yoast-seo-meta-tag\" \/>\n<meta name=\"author\" content=\"Nicolas\" class=\"yoast-seo-meta-tag\" \/>\n<meta name=\"twitter:card\" content=\"summary_large_image\" class=\"yoast-seo-meta-tag\" \/>\n<meta name=\"twitter:label1\" content=\"Written by\" class=\"yoast-seo-meta-tag\" \/>\n\t<meta name=\"twitter:data1\" content=\"Nicolas\" class=\"yoast-seo-meta-tag\" \/>\n\t<meta name=\"twitter:label2\" content=\"Est. reading time\" class=\"yoast-seo-meta-tag\" \/>\n\t<meta name=\"twitter:data2\" content=\"2 minutes\" class=\"yoast-seo-meta-tag\" \/>\n<script type=\"application\/ld+json\" class=\"yoast-schema-graph\">{\"@context\":\"https:\\\/\\\/schema.org\",\"@graph\":[{\"@type\":\"Article\",\"@id\":\"https:\\\/\\\/sonam.bzh\\\/2021\\\/10\\\/01\\\/stages-dinitiation-ukulele-ou-cajon-pendant-les-vacances-de-toussaint\\\/#article\",\"isPartOf\":{\"@id\":\"https:\\\/\\\/sonam.bzh\\\/2021\\\/10\\\/01\\\/stages-dinitiation-ukulele-ou-cajon-pendant-les-vacances-de-toussaint\\\/\"},\"author\":{\"name\":\"Nicolas\",\"@id\":\"https:\\\/\\\/sonam.bzh\\\/#\\\/schema\\\/person\\\/640218b6626942d12cfb20b57b5f47dd\"},\"headline\":\"(Fran\u00e7ais) Stages d&rsquo;initiation: ukul\u00e9l\u00e9 ou cajon pendant les vacances de Toussaint\",\"datePublished\":\"2021-10-01T15:12:54+00:00\",\"dateModified\":\"2021-10-01T15:36:59+00:00\",\"mainEntityOfPage\":{\"@id\":\"https:\\\/\\\/sonam.bzh\\\/2021\\\/10\\\/01\\\/stages-dinitiation-ukulele-ou-cajon-pendant-les-vacances-de-toussaint\\\/\"},\"wordCount\":255,\"commentCount\":0,\"image\":{\"@id\":\"https:\\\/\\\/sonam.bzh\\\/2021\\\/10\\\/01\\\/stages-dinitiation-ukulele-ou-cajon-pendant-les-vacances-de-toussaint\\\/#primaryimage\"},\"thumbnailUrl\":\"http:\\\/\\\/sonam.bzh\\\/WP\\\/wp-content\\\/uploads\\\/2021\\\/10\\\/Glenn-Dagorn-au-cajon-280x300.jpg\",\"inLanguage\":\"br\",\"potentialAction\":[{\"@type\":\"CommentAction\",\"name\":\"Comment\",\"target\":[\"https:\\\/\\\/sonam.bzh\\\/2021\\\/10\\\/01\\\/stages-dinitiation-ukulele-ou-cajon-pendant-les-vacances-de-toussaint\\\/#respond\"]}]},{\"@type\":\"WebPage\",\"@id\":\"https:\\\/\\\/sonam.bzh\\\/2021\\\/10\\\/01\\\/stages-dinitiation-ukulele-ou-cajon-pendant-les-vacances-de-toussaint\\\/\",\"url\":\"https:\\\/\\\/sonam.bzh\\\/2021\\\/10\\\/01\\\/stages-dinitiation-ukulele-ou-cajon-pendant-les-vacances-de-toussaint\\\/\",\"name\":\"(Fran\u00e7ais) Stages d'initiation: ukul\u00e9l\u00e9 ou cajon pendant les vacances de Toussaint - Sonam&#039; - Skol Sonerezh\",\"isPartOf\":{\"@id\":\"https:\\\/\\\/sonam.bzh\\\/#website\"},\"primaryImageOfPage\":{\"@id\":\"https:\\\/\\\/sonam.bzh\\\/2021\\\/10\\\/01\\\/stages-dinitiation-ukulele-ou-cajon-pendant-les-vacances-de-toussaint\\\/#primaryimage\"},\"image\":{\"@id\":\"https:\\\/\\\/sonam.bzh\\\/2021\\\/10\\\/01\\\/stages-dinitiation-ukulele-ou-cajon-pendant-les-vacances-de-toussaint\\\/#primaryimage\"},\"thumbnailUrl\":\"http:\\\/\\\/sonam.bzh\\\/WP\\\/wp-content\\\/uploads\\\/2021\\\/10\\\/Glenn-Dagorn-au-cajon-280x300.jpg\",\"datePublished\":\"2021-10-01T15:12:54+00:00\",\"dateModified\":\"2021-10-01T15:36:59+00:00\",\"author\":{\"@id\":\"https:\\\/\\\/sonam.bzh\\\/#\\\/schema\\\/person\\\/640218b6626942d12cfb20b57b5f47dd\"},\"breadcrumb\":{\"@id\":\"https:\\\/\\\/sonam.bzh\\\/2021\\\/10\\\/01\\\/stages-dinitiation-ukulele-ou-cajon-pendant-les-vacances-de-toussaint\\\/#breadcrumb\"},\"inLanguage\":\"br\",\"potentialAction\":[{\"@type\":\"ReadAction\",\"target\":[\"https:\\\/\\\/sonam.bzh\\\/2021\\\/10\\\/01\\\/stages-dinitiation-ukulele-ou-cajon-pendant-les-vacances-de-toussaint\\\/\"]}]},{\"@type\":\"ImageObject\",\"inLanguage\":\"br\",\"@id\":\"https:\\\/\\\/sonam.bzh\\\/2021\\\/10\\\/01\\\/stages-dinitiation-ukulele-ou-cajon-pendant-les-vacances-de-toussaint\\\/#primaryimage\",\"url\":\"http:\\\/\\\/sonam.bzh\\\/WP\\\/wp-content\\\/uploads\\\/2021\\\/10\\\/Glenn-Dagorn-au-cajon-280x300.jpg\",\"contentUrl\":\"http:\\\/\\\/sonam.bzh\\\/WP\\\/wp-content\\\/uploads\\\/2021\\\/10\\\/Glenn-Dagorn-au-cajon-280x300.jpg\"},{\"@type\":\"BreadcrumbList\",\"@id\":\"https:\\\/\\\/sonam.bzh\\\/2021\\\/10\\\/01\\\/stages-dinitiation-ukulele-ou-cajon-pendant-les-vacances-de-toussaint\\\/#breadcrumb\",\"itemListElement\":[{\"@type\":\"ListItem\",\"position\":1,\"name\":\"Accueil\",\"item\":\"https:\\\/\\\/sonam.bzh\\\/\"},{\"@type\":\"ListItem\",\"position\":2,\"name\":\"Stages d&#8217;initiation: ukul\u00e9l\u00e9 ou cajon pendant les vacances de Toussaint\"}]},{\"@type\":\"WebSite\",\"@id\":\"https:\\\/\\\/sonam.bzh\\\/#website\",\"url\":\"https:\\\/\\\/sonam.bzh\\\/\",\"name\":\"Sonam - Ecole de Musique\",\"description\":\"Sonam&#039; - Skol Sonerezh\",\"potentialAction\":[{\"@type\":\"SearchAction\",\"target\":{\"@type\":\"EntryPoint\",\"urlTemplate\":\"https:\\\/\\\/sonam.bzh\\\/?s={search_term_string}\"},\"query-input\":{\"@type\":\"PropertyValueSpecification\",\"valueRequired\":true,\"valueName\":\"search_term_string\"}}],\"inLanguage\":\"br\"},{\"@type\":\"Person\",\"@id\":\"https:\\\/\\\/sonam.bzh\\\/#\\\/schema\\\/person\\\/640218b6626942d12cfb20b57b5f47dd\",\"name\":\"Nicolas\",\"image\":{\"@type\":\"ImageObject\",\"inLanguage\":\"br\",\"@id\":\"\\\/\\\/www.gravatar.com\\\/avatar\\\/eb57aa1f6aca800af67972a72a6c397a?s=96&#038;r=g&#038;d=mm\",\"url\":\"\\\/\\\/www.gravatar.com\\\/avatar\\\/eb57aa1f6aca800af67972a72a6c397a?s=96&#038;r=g&#038;d=mm\",\"contentUrl\":\"\\\/\\\/www.gravatar.com\\\/avatar\\\/eb57aa1f6aca800af67972a72a6c397a?s=96&#038;r=g&#038;d=mm\",\"caption\":\"Nicolas\"}}]}<\/script>\n<!-- \/ Yoast SEO plugin. -->","yoast_head_json":{"title":"(Fran\u00e7ais) Stages d'initiation: ukul\u00e9l\u00e9 ou cajon pendant les vacances de Toussaint - Sonam&#039; - Skol Sonerezh","robots":{"index":"index","follow":"follow","max-snippet":"max-snippet:-1","max-image-preview":"max-image-preview:large","max-video-preview":"max-video-preview:-1"},"canonical":"https:\/\/sonam.bzh\/2021\/10\/01\/stages-dinitiation-ukulele-ou-cajon-pendant-les-vacances-de-toussaint\/","og_locale":"en_US","og_type":"article","og_title":"(Fran\u00e7ais) Stages d'initiation: ukul\u00e9l\u00e9 ou cajon pendant les vacances de Toussaint - Sonam&#039; - Skol Sonerezh","og_description":"non disponible For the sake of viewer convenience, the content is shown below in the alternative language. You may click the link to switch the active language. &nbsp; Ukul\u00e9l\u00e9 ou cajon: une opportunit\u00e9 de profiter des vacances scolaires en musique! Public: enfants \u00e0 partir de 8 ans, adultes m\u00eame d\u00e9butants. Sonam&rsquo; \u00e9cole de musique propose [&hellip;]","og_url":"https:\/\/sonam.bzh\/2021\/10\/01\/stages-dinitiation-ukulele-ou-cajon-pendant-les-vacances-de-toussaint\/","og_site_name":"Sonam&#039; - Skol Sonerezh","article_publisher":"https:\/\/www.facebook.com\/SonamEcoleDeMusique\/","article_published_time":"2021-10-01T15:12:54+00:00","article_modified_time":"2021-10-01T15:36:59+00:00","og_image":[{"url":"http:\/\/sonam.bzh\/WP\/wp-content\/uploads\/2021\/10\/Glenn-Dagorn-au-cajon-280x300.jpg","type":"","width":"","height":""}],"author":"Nicolas","twitter_card":"summary_large_image","twitter_misc":{"Written by":"Nicolas","Est. reading time":"2 minutes"},"schema":{"@context":"https:\/\/schema.org","@graph":[{"@type":"Article","@id":"https:\/\/sonam.bzh\/2021\/10\/01\/stages-dinitiation-ukulele-ou-cajon-pendant-les-vacances-de-toussaint\/#article","isPartOf":{"@id":"https:\/\/sonam.bzh\/2021\/10\/01\/stages-dinitiation-ukulele-ou-cajon-pendant-les-vacances-de-toussaint\/"},"author":{"name":"Nicolas","@id":"https:\/\/sonam.bzh\/#\/schema\/person\/640218b6626942d12cfb20b57b5f47dd"},"headline":"(Fran\u00e7ais) Stages d&rsquo;initiation: ukul\u00e9l\u00e9 ou cajon pendant les vacances de Toussaint","datePublished":"2021-10-01T15:12:54+00:00","dateModified":"2021-10-01T15:36:59+00:00","mainEntityOfPage":{"@id":"https:\/\/sonam.bzh\/2021\/10\/01\/stages-dinitiation-ukulele-ou-cajon-pendant-les-vacances-de-toussaint\/"},"wordCount":255,"commentCount":0,"image":{"@id":"https:\/\/sonam.bzh\/2021\/10\/01\/stages-dinitiation-ukulele-ou-cajon-pendant-les-vacances-de-toussaint\/#primaryimage"},"thumbnailUrl":"http:\/\/sonam.bzh\/WP\/wp-content\/uploads\/2021\/10\/Glenn-Dagorn-au-cajon-280x300.jpg","inLanguage":"br","potentialAction":[{"@type":"CommentAction","name":"Comment","target":["https:\/\/sonam.bzh\/2021\/10\/01\/stages-dinitiation-ukulele-ou-cajon-pendant-les-vacances-de-toussaint\/#respond"]}]},{"@type":"WebPage","@id":"https:\/\/sonam.bzh\/2021\/10\/01\/stages-dinitiation-ukulele-ou-cajon-pendant-les-vacances-de-toussaint\/","url":"https:\/\/sonam.bzh\/2021\/10\/01\/stages-dinitiation-ukulele-ou-cajon-pendant-les-vacances-de-toussaint\/","name":"(Fran\u00e7ais) Stages d'initiation: ukul\u00e9l\u00e9 ou cajon pendant les vacances de Toussaint - Sonam&#039; - Skol Sonerezh","isPartOf":{"@id":"https:\/\/sonam.bzh\/#website"},"primaryImageOfPage":{"@id":"https:\/\/sonam.bzh\/2021\/10\/01\/stages-dinitiation-ukulele-ou-cajon-pendant-les-vacances-de-toussaint\/#primaryimage"},"image":{"@id":"https:\/\/sonam.bzh\/2021\/10\/01\/stages-dinitiation-ukulele-ou-cajon-pendant-les-vacances-de-toussaint\/#primaryimage"},"thumbnailUrl":"http:\/\/sonam.bzh\/WP\/wp-content\/uploads\/2021\/10\/Glenn-Dagorn-au-cajon-280x300.jpg","datePublished":"2021-10-01T15:12:54+00:00","dateModified":"2021-10-01T15:36:59+00:00","author":{"@id":"https:\/\/sonam.bzh\/#\/schema\/person\/640218b6626942d12cfb20b57b5f47dd"},"breadcrumb":{"@id":"https:\/\/sonam.bzh\/2021\/10\/01\/stages-dinitiation-ukulele-ou-cajon-pendant-les-vacances-de-toussaint\/#breadcrumb"},"inLanguage":"br","potentialAction":[{"@type":"ReadAction","target":["https:\/\/sonam.bzh\/2021\/10\/01\/stages-dinitiation-ukulele-ou-cajon-pendant-les-vacances-de-toussaint\/"]}]},{"@type":"ImageObject","inLanguage":"br","@id":"https:\/\/sonam.bzh\/2021\/10\/01\/stages-dinitiation-ukulele-ou-cajon-pendant-les-vacances-de-toussaint\/#primaryimage","url":"http:\/\/sonam.bzh\/WP\/wp-content\/uploads\/2021\/10\/Glenn-Dagorn-au-cajon-280x300.jpg","contentUrl":"http:\/\/sonam.bzh\/WP\/wp-content\/uploads\/2021\/10\/Glenn-Dagorn-au-cajon-280x300.jpg"},{"@type":"BreadcrumbList","@id":"https:\/\/sonam.bzh\/2021\/10\/01\/stages-dinitiation-ukulele-ou-cajon-pendant-les-vacances-de-toussaint\/#breadcrumb","itemListElement":[{"@type":"ListItem","position":1,"name":"Accueil","item":"https:\/\/sonam.bzh\/"},{"@type":"ListItem","position":2,"name":"Stages d&#8217;initiation: ukul\u00e9l\u00e9 ou cajon pendant les vacances de Toussaint"}]},{"@type":"WebSite","@id":"https:\/\/sonam.bzh\/#website","url":"https:\/\/sonam.bzh\/","name":"Sonam - Ecole de Musique","description":"Sonam&#039; - Skol Sonerezh","potentialAction":[{"@type":"SearchAction","target":{"@type":"EntryPoint","urlTemplate":"https:\/\/sonam.bzh\/?s={search_term_string}"},"query-input":{"@type":"PropertyValueSpecification","valueRequired":true,"valueName":"search_term_string"}}],"inLanguage":"br"},{"@type":"Person","@id":"https:\/\/sonam.bzh\/#\/schema\/person\/640218b6626942d12cfb20b57b5f47dd","name":"Nicolas","image":{"@type":"ImageObject","inLanguage":"br","@id":"\/\/www.gravatar.com\/avatar\/eb57aa1f6aca800af67972a72a6c397a?s=96&#038;r=g&#038;d=mm","url":"\/\/www.gravatar.com\/avatar\/eb57aa1f6aca800af67972a72a6c397a?s=96&#038;r=g&#038;d=mm","contentUrl":"\/\/www.gravatar.com\/avatar\/eb57aa1f6aca800af67972a72a6c397a?s=96&#038;r=g&#038;d=mm","caption":"Nicolas"}}]}},"jetpack_featured_media_url":"","jetpack_sharing_enabled":true,"_links":{"self":[{"href":"https:\/\/sonam.bzh\/br\/wp-json\/wp\/v2\/posts\/1241","targetHints":{"allow":["GET"]}}],"collection":[{"href":"https:\/\/sonam.bzh\/br\/wp-json\/wp\/v2\/posts"}],"about":[{"href":"https:\/\/sonam.bzh\/br\/wp-json\/wp\/v2\/types\/post"}],"author":[{"embeddable":true,"href":"https:\/\/sonam.bzh\/br\/wp-json\/wp\/v2\/users\/6"}],"replies":[{"embeddable":true,"href":"https:\/\/sonam.bzh\/br\/wp-json\/wp\/v2\/comments?post=1241"}],"version-history":[{"count":0,"href":"https:\/\/sonam.bzh\/br\/wp-json\/wp\/v2\/posts\/1241\/revisions"}],"wp:attachment":[{"href":"https:\/\/sonam.bzh\/br\/wp-json\/wp\/v2\/media?parent=1241"}],"wp:term":[{"taxonomy":"category","embeddable":true,"href":"https:\/\/sonam.bzh\/br\/wp-json\/wp\/v2\/categories?post=1241"},{"taxonomy":"post_tag","embeddable":true,"href":"https:\/\/sonam.bzh\/br\/wp-json\/wp\/v2\/tags?post=1241"}],"curies":[{"name":"wp","href":"https:\/\/api.w.org\/{rel}","templated":true}]}}