{"id":1095,"date":"2020-07-24T17:51:31","date_gmt":"2020-07-24T15:51:31","guid":{"rendered":"http:\/\/sonam.bzh\/?p=1095"},"modified":"2020-07-24T17:53:45","modified_gmt":"2020-07-24T15:53:45","slug":"cycle-de-stages-creer-de-la-musique-par-ordinateur","status":"publish","type":"post","link":"https:\/\/sonam.bzh\/br\/2020\/07\/24\/cycle-de-stages-creer-de-la-musique-par-ordinateur\/","title":{"rendered":"Cycle de stages &laquo;&nbsp;Cr\u00e9er de la musique par ordinateur&nbsp;&raquo;"},"content":{"rendered":"<p><img decoding=\"async\" class=\"alignleft wp-image-659 size-medium\" style=\"width: 50%\" src=\"http:\/\/sonam.bzh\/WP\/wp-content\/uploads\/2020\/07\/reynald-rivoilan-est-l-un-des-intervenants-animant-le-stage_4863469.jpg\" alt=\"\" \/><\/p>\n<p><strong>Contenu du cycle de stages &laquo;&nbsp;Cr\u00e9er de la musique par ordinateur'&nbsp;&raquo;<\/strong><\/p>\n<p>Prise en main du \u00a0logiciel Ableton (qui aujourd&rsquo;hui fait r\u00e9f\u00e9rence), par des ateliers ludiques.<\/p>\n<p>La finalit\u00e9 est d&rsquo;\u00eatre en mesure de travailler en autonomie et de pouvoir produire une bande son, et de pouvoir la retranscrire en live.<\/p>\n<p>Tous\u00a0publics, \u00a0tous instruments.<\/p>\n<p>&nbsp;<\/p>\n<p><strong>\u00a0Reynald Rivoilan<\/strong><\/p>\n<p>Enseignant de guitare \u00e0 l&rsquo;\u00e9cole de musique du Pays du Roi Morvan depuis 2006, il a d\u00e9but\u00e9 cet instrument \u00e0 l&rsquo;adolescence aux sons de Jimi Hendrix, Red Hot Chilli Peppers ou \u00a0Living Color). Reynald a depuis les ann\u00e9es 1990 de nombreuses exp\u00e9riences musicales :\u00a0\u00a0tourn\u00e9es avec les Rasta Bigoud, Le Big stal, remplacements dans Hicks,&#8230;<\/p>\n<p>Il est depuis le d\u00e9but de son parcours musical int\u00e9ress\u00e9 par la musique assist\u00e9e par ordinateur, (MAO), et est notamment formateur sur les logiciels Ableton et Cubase.<\/p>\n<p>&nbsp;<\/p>\n<p><strong>Les dates<\/strong><\/p>\n<p>Les sessions auront lieu les samedis de 14 h 30 \u00e0 17 h 30, les<\/p>\n<p>26 \u00a0septembre, 10 octobre, 14 novembre, 12 d\u00e9cembre, 11 janvier, 6 f\u00e9vrier, 13 mars, 18 avril, 16 mai, 13 juin.<\/p>\n<p>&nbsp;<\/p>\n<p><strong>Tarifs<\/strong><\/p>\n<p>160 euros l&rsquo;ann\u00e9e + 30 euros d&rsquo;adh\u00e9sion, ou 80 euros tarif pr\u00e9f\u00e9rentiel (d\u00e9j\u00e0 adh\u00e9rent d&rsquo;une activit\u00e9 annuelle \u00e0 l&rsquo;\u00e9cole de musique)<\/p>\n<p>Ce cycle\u00a0 est organis\u00e9 gr\u00e2ce \u00e0 un partenariat avec l&rsquo;\u00e9cole de musique du Pays du Roi Morvan (EMPRM).<\/p>\n","protected":false},"excerpt":{"rendered":"<p>Contenu du cycle de stages &laquo;&nbsp;Cr\u00e9er de la musique par ordinateur&rsquo;&nbsp;&raquo; Prise en main du \u00a0logiciel Ableton (qui aujourd&rsquo;hui fait r\u00e9f\u00e9rence), par des ateliers ludiques. La finalit\u00e9 est d&rsquo;\u00eatre en mesure de travailler en autonomie et de pouvoir produire une bande son, et de pouvoir la retranscrire en live. Tous\u00a0publics, \u00a0tous instruments. &nbsp; \u00a0Reynald Rivoilan [&hellip;]<\/p>\n","protected":false},"author":85,"featured_media":1096,"comment_status":"open","ping_status":"open","sticky":false,"template":"","format":"standard","meta":{"_bbp_topic_count":0,"_bbp_reply_count":0,"_bbp_total_topic_count":0,"_bbp_total_reply_count":0,"_bbp_voice_count":0,"_bbp_anonymous_reply_count":0,"_bbp_topic_count_hidden":0,"_bbp_reply_count_hidden":0,"_bbp_forum_subforum_count":0,"ngg_post_thumbnail":0,"_jetpack_memberships_contains_paid_content":false,"footnotes":""},"categories":[12],"tags":[],"class_list":{"0":"post-1095","1":"post","2":"type-post","3":"status-publish","4":"format-standard","5":"has-post-thumbnail","7":"category-cours-ateliers","8":"czr-hentry"},"yoast_head":"<!-- This site is optimized with the Yoast SEO plugin v27.5 - https:\/\/yoast.com\/product\/yoast-seo-wordpress\/ -->\n<title>Cycle de stages &quot;Cr\u00e9er de la musique par ordinateur&quot; - Sonam&#039; - Skol Sonerezh<\/title>\n<meta name=\"robots\" content=\"index, follow, max-snippet:-1, max-image-preview:large, max-video-preview:-1\" \/>\n<link rel=\"canonical\" href=\"https:\/\/sonam.bzh\/2020\/07\/24\/cycle-de-stages-creer-de-la-musique-par-ordinateur\/\" class=\"yoast-seo-meta-tag\" \/>\n<meta property=\"og:locale\" content=\"en_US\" class=\"yoast-seo-meta-tag\" \/>\n<meta property=\"og:type\" content=\"article\" class=\"yoast-seo-meta-tag\" \/>\n<meta property=\"og:title\" content=\"Cycle de stages &quot;Cr\u00e9er de la musique par ordinateur&quot; - Sonam&#039; - Skol Sonerezh\" class=\"yoast-seo-meta-tag\" \/>\n<meta property=\"og:description\" content=\"Contenu du cycle de stages &laquo;&nbsp;Cr\u00e9er de la musique par ordinateur&#039;&nbsp;&raquo; Prise en main du \u00a0logiciel Ableton (qui aujourd&rsquo;hui fait r\u00e9f\u00e9rence), par des ateliers ludiques. La finalit\u00e9 est d&rsquo;\u00eatre en mesure de travailler en autonomie et de pouvoir produire une bande son, et de pouvoir la retranscrire en live. Tous\u00a0publics, \u00a0tous instruments. &nbsp; \u00a0Reynald Rivoilan [&hellip;]\" class=\"yoast-seo-meta-tag\" \/>\n<meta property=\"og:url\" content=\"https:\/\/sonam.bzh\/2020\/07\/24\/cycle-de-stages-creer-de-la-musique-par-ordinateur\/\" class=\"yoast-seo-meta-tag\" \/>\n<meta property=\"og:site_name\" content=\"Sonam&#039; - Skol Sonerezh\" class=\"yoast-seo-meta-tag\" \/>\n<meta property=\"article:publisher\" content=\"https:\/\/www.facebook.com\/SonamEcoleDeMusique\/\" class=\"yoast-seo-meta-tag\" \/>\n<meta property=\"article:published_time\" content=\"2020-07-24T15:51:31+00:00\" class=\"yoast-seo-meta-tag\" \/>\n<meta property=\"article:modified_time\" content=\"2020-07-24T15:53:45+00:00\" class=\"yoast-seo-meta-tag\" \/>\n<meta property=\"og:image\" content=\"https:\/\/sonam.bzh\/WP\/wp-content\/uploads\/2020\/07\/reynald-rivoilan-est-l-un-des-intervenants-animant-le-stage_4863469.jpg\" class=\"yoast-seo-meta-tag\" \/>\n\t<meta property=\"og:image:width\" content=\"760\" class=\"yoast-seo-meta-tag\" \/>\n\t<meta property=\"og:image:height\" content=\"1000\" class=\"yoast-seo-meta-tag\" \/>\n\t<meta property=\"og:image:type\" content=\"image\/jpeg\" class=\"yoast-seo-meta-tag\" \/>\n<meta name=\"author\" content=\"B\u00e9n\u00e9dicte\" class=\"yoast-seo-meta-tag\" \/>\n<meta name=\"twitter:card\" content=\"summary_large_image\" class=\"yoast-seo-meta-tag\" \/>\n<meta name=\"twitter:label1\" content=\"Written by\" class=\"yoast-seo-meta-tag\" \/>\n\t<meta name=\"twitter:data1\" content=\"B\u00e9n\u00e9dicte\" class=\"yoast-seo-meta-tag\" \/>\n\t<meta name=\"twitter:label2\" content=\"Est. reading time\" class=\"yoast-seo-meta-tag\" \/>\n\t<meta name=\"twitter:data2\" content=\"1 minute\" class=\"yoast-seo-meta-tag\" \/>\n<script type=\"application\/ld+json\" class=\"yoast-schema-graph\">{\"@context\":\"https:\\\/\\\/schema.org\",\"@graph\":[{\"@type\":\"Article\",\"@id\":\"https:\\\/\\\/sonam.bzh\\\/2020\\\/07\\\/24\\\/cycle-de-stages-creer-de-la-musique-par-ordinateur\\\/#article\",\"isPartOf\":{\"@id\":\"https:\\\/\\\/sonam.bzh\\\/2020\\\/07\\\/24\\\/cycle-de-stages-creer-de-la-musique-par-ordinateur\\\/\"},\"author\":{\"name\":\"B\u00e9n\u00e9dicte\",\"@id\":\"https:\\\/\\\/sonam.bzh\\\/#\\\/schema\\\/person\\\/fe98894f8b4e4b9c9091b9840f4636d0\"},\"headline\":\"Cycle de stages &laquo;&nbsp;Cr\u00e9er de la musique par ordinateur&nbsp;&raquo;\",\"datePublished\":\"2020-07-24T15:51:31+00:00\",\"dateModified\":\"2020-07-24T15:53:45+00:00\",\"mainEntityOfPage\":{\"@id\":\"https:\\\/\\\/sonam.bzh\\\/2020\\\/07\\\/24\\\/cycle-de-stages-creer-de-la-musique-par-ordinateur\\\/\"},\"wordCount\":224,\"commentCount\":0,\"image\":{\"@id\":\"https:\\\/\\\/sonam.bzh\\\/2020\\\/07\\\/24\\\/cycle-de-stages-creer-de-la-musique-par-ordinateur\\\/#primaryimage\"},\"thumbnailUrl\":\"https:\\\/\\\/sonam.bzh\\\/WP\\\/wp-content\\\/uploads\\\/2020\\\/07\\\/reynald-rivoilan-est-l-un-des-intervenants-animant-le-stage_4863469.jpg\",\"articleSection\":[\"Kentelio\u00f9 hag ataliero\u00f9\"],\"inLanguage\":\"br\",\"potentialAction\":[{\"@type\":\"CommentAction\",\"name\":\"Comment\",\"target\":[\"https:\\\/\\\/sonam.bzh\\\/2020\\\/07\\\/24\\\/cycle-de-stages-creer-de-la-musique-par-ordinateur\\\/#respond\"]}]},{\"@type\":\"WebPage\",\"@id\":\"https:\\\/\\\/sonam.bzh\\\/2020\\\/07\\\/24\\\/cycle-de-stages-creer-de-la-musique-par-ordinateur\\\/\",\"url\":\"https:\\\/\\\/sonam.bzh\\\/2020\\\/07\\\/24\\\/cycle-de-stages-creer-de-la-musique-par-ordinateur\\\/\",\"name\":\"Cycle de stages \\\"Cr\u00e9er de la musique par ordinateur\\\" - Sonam&#039; - Skol Sonerezh\",\"isPartOf\":{\"@id\":\"https:\\\/\\\/sonam.bzh\\\/#website\"},\"primaryImageOfPage\":{\"@id\":\"https:\\\/\\\/sonam.bzh\\\/2020\\\/07\\\/24\\\/cycle-de-stages-creer-de-la-musique-par-ordinateur\\\/#primaryimage\"},\"image\":{\"@id\":\"https:\\\/\\\/sonam.bzh\\\/2020\\\/07\\\/24\\\/cycle-de-stages-creer-de-la-musique-par-ordinateur\\\/#primaryimage\"},\"thumbnailUrl\":\"https:\\\/\\\/sonam.bzh\\\/WP\\\/wp-content\\\/uploads\\\/2020\\\/07\\\/reynald-rivoilan-est-l-un-des-intervenants-animant-le-stage_4863469.jpg\",\"datePublished\":\"2020-07-24T15:51:31+00:00\",\"dateModified\":\"2020-07-24T15:53:45+00:00\",\"author\":{\"@id\":\"https:\\\/\\\/sonam.bzh\\\/#\\\/schema\\\/person\\\/fe98894f8b4e4b9c9091b9840f4636d0\"},\"breadcrumb\":{\"@id\":\"https:\\\/\\\/sonam.bzh\\\/2020\\\/07\\\/24\\\/cycle-de-stages-creer-de-la-musique-par-ordinateur\\\/#breadcrumb\"},\"inLanguage\":\"br\",\"potentialAction\":[{\"@type\":\"ReadAction\",\"target\":[\"https:\\\/\\\/sonam.bzh\\\/2020\\\/07\\\/24\\\/cycle-de-stages-creer-de-la-musique-par-ordinateur\\\/\"]}]},{\"@type\":\"ImageObject\",\"inLanguage\":\"br\",\"@id\":\"https:\\\/\\\/sonam.bzh\\\/2020\\\/07\\\/24\\\/cycle-de-stages-creer-de-la-musique-par-ordinateur\\\/#primaryimage\",\"url\":\"https:\\\/\\\/sonam.bzh\\\/WP\\\/wp-content\\\/uploads\\\/2020\\\/07\\\/reynald-rivoilan-est-l-un-des-intervenants-animant-le-stage_4863469.jpg\",\"contentUrl\":\"https:\\\/\\\/sonam.bzh\\\/WP\\\/wp-content\\\/uploads\\\/2020\\\/07\\\/reynald-rivoilan-est-l-un-des-intervenants-animant-le-stage_4863469.jpg\",\"width\":760,\"height\":1000,\"caption\":\"Reynald Rivoilan, est l'un des intervenants animant le stage d'initiation \u00e0 la musique sur ordinateur, organis\u00e9 par l'Ecole de musique du Pays du roi Morvan.\"},{\"@type\":\"BreadcrumbList\",\"@id\":\"https:\\\/\\\/sonam.bzh\\\/2020\\\/07\\\/24\\\/cycle-de-stages-creer-de-la-musique-par-ordinateur\\\/#breadcrumb\",\"itemListElement\":[{\"@type\":\"ListItem\",\"position\":1,\"name\":\"Accueil\",\"item\":\"https:\\\/\\\/sonam.bzh\\\/\"},{\"@type\":\"ListItem\",\"position\":2,\"name\":\"Cycle de stages &#8220;Cr\u00e9er de la musique par ordinateur&#8221;\"}]},{\"@type\":\"WebSite\",\"@id\":\"https:\\\/\\\/sonam.bzh\\\/#website\",\"url\":\"https:\\\/\\\/sonam.bzh\\\/\",\"name\":\"Sonam - Ecole de Musique\",\"description\":\"Sonam&#039; - Skol Sonerezh\",\"potentialAction\":[{\"@type\":\"SearchAction\",\"target\":{\"@type\":\"EntryPoint\",\"urlTemplate\":\"https:\\\/\\\/sonam.bzh\\\/?s={search_term_string}\"},\"query-input\":{\"@type\":\"PropertyValueSpecification\",\"valueRequired\":true,\"valueName\":\"search_term_string\"}}],\"inLanguage\":\"br\"},{\"@type\":\"Person\",\"@id\":\"https:\\\/\\\/sonam.bzh\\\/#\\\/schema\\\/person\\\/fe98894f8b4e4b9c9091b9840f4636d0\",\"name\":\"B\u00e9n\u00e9dicte\",\"image\":{\"@type\":\"ImageObject\",\"inLanguage\":\"br\",\"@id\":\"\\\/\\\/www.gravatar.com\\\/avatar\\\/d39b7d917d7e3f414fec1cf5a4822e47?s=96&#038;r=g&#038;d=mm\",\"url\":\"\\\/\\\/www.gravatar.com\\\/avatar\\\/d39b7d917d7e3f414fec1cf5a4822e47?s=96&#038;r=g&#038;d=mm\",\"contentUrl\":\"\\\/\\\/www.gravatar.com\\\/avatar\\\/d39b7d917d7e3f414fec1cf5a4822e47?s=96&#038;r=g&#038;d=mm\",\"caption\":\"B\u00e9n\u00e9dicte\"}}]}<\/script>\n<!-- \/ Yoast SEO plugin. -->","yoast_head_json":{"title":"Cycle de stages \"Cr\u00e9er de la musique par ordinateur\" - Sonam&#039; - Skol Sonerezh","robots":{"index":"index","follow":"follow","max-snippet":"max-snippet:-1","max-image-preview":"max-image-preview:large","max-video-preview":"max-video-preview:-1"},"canonical":"https:\/\/sonam.bzh\/2020\/07\/24\/cycle-de-stages-creer-de-la-musique-par-ordinateur\/","og_locale":"en_US","og_type":"article","og_title":"Cycle de stages \"Cr\u00e9er de la musique par ordinateur\" - Sonam&#039; - Skol Sonerezh","og_description":"Contenu du cycle de stages &laquo;&nbsp;Cr\u00e9er de la musique par ordinateur'&nbsp;&raquo; Prise en main du \u00a0logiciel Ableton (qui aujourd&rsquo;hui fait r\u00e9f\u00e9rence), par des ateliers ludiques. La finalit\u00e9 est d&rsquo;\u00eatre en mesure de travailler en autonomie et de pouvoir produire une bande son, et de pouvoir la retranscrire en live. Tous\u00a0publics, \u00a0tous instruments. &nbsp; \u00a0Reynald Rivoilan [&hellip;]","og_url":"https:\/\/sonam.bzh\/2020\/07\/24\/cycle-de-stages-creer-de-la-musique-par-ordinateur\/","og_site_name":"Sonam&#039; - Skol Sonerezh","article_publisher":"https:\/\/www.facebook.com\/SonamEcoleDeMusique\/","article_published_time":"2020-07-24T15:51:31+00:00","article_modified_time":"2020-07-24T15:53:45+00:00","og_image":[{"width":760,"height":1000,"url":"https:\/\/sonam.bzh\/WP\/wp-content\/uploads\/2020\/07\/reynald-rivoilan-est-l-un-des-intervenants-animant-le-stage_4863469.jpg","type":"image\/jpeg"}],"author":"B\u00e9n\u00e9dicte","twitter_card":"summary_large_image","twitter_misc":{"Written by":"B\u00e9n\u00e9dicte","Est. reading time":"1 minute"},"schema":{"@context":"https:\/\/schema.org","@graph":[{"@type":"Article","@id":"https:\/\/sonam.bzh\/2020\/07\/24\/cycle-de-stages-creer-de-la-musique-par-ordinateur\/#article","isPartOf":{"@id":"https:\/\/sonam.bzh\/2020\/07\/24\/cycle-de-stages-creer-de-la-musique-par-ordinateur\/"},"author":{"name":"B\u00e9n\u00e9dicte","@id":"https:\/\/sonam.bzh\/#\/schema\/person\/fe98894f8b4e4b9c9091b9840f4636d0"},"headline":"Cycle de stages &laquo;&nbsp;Cr\u00e9er de la musique par ordinateur&nbsp;&raquo;","datePublished":"2020-07-24T15:51:31+00:00","dateModified":"2020-07-24T15:53:45+00:00","mainEntityOfPage":{"@id":"https:\/\/sonam.bzh\/2020\/07\/24\/cycle-de-stages-creer-de-la-musique-par-ordinateur\/"},"wordCount":224,"commentCount":0,"image":{"@id":"https:\/\/sonam.bzh\/2020\/07\/24\/cycle-de-stages-creer-de-la-musique-par-ordinateur\/#primaryimage"},"thumbnailUrl":"https:\/\/sonam.bzh\/WP\/wp-content\/uploads\/2020\/07\/reynald-rivoilan-est-l-un-des-intervenants-animant-le-stage_4863469.jpg","articleSection":["Kentelio\u00f9 hag ataliero\u00f9"],"inLanguage":"br","potentialAction":[{"@type":"CommentAction","name":"Comment","target":["https:\/\/sonam.bzh\/2020\/07\/24\/cycle-de-stages-creer-de-la-musique-par-ordinateur\/#respond"]}]},{"@type":"WebPage","@id":"https:\/\/sonam.bzh\/2020\/07\/24\/cycle-de-stages-creer-de-la-musique-par-ordinateur\/","url":"https:\/\/sonam.bzh\/2020\/07\/24\/cycle-de-stages-creer-de-la-musique-par-ordinateur\/","name":"Cycle de stages \"Cr\u00e9er de la musique par ordinateur\" - Sonam&#039; - Skol Sonerezh","isPartOf":{"@id":"https:\/\/sonam.bzh\/#website"},"primaryImageOfPage":{"@id":"https:\/\/sonam.bzh\/2020\/07\/24\/cycle-de-stages-creer-de-la-musique-par-ordinateur\/#primaryimage"},"image":{"@id":"https:\/\/sonam.bzh\/2020\/07\/24\/cycle-de-stages-creer-de-la-musique-par-ordinateur\/#primaryimage"},"thumbnailUrl":"https:\/\/sonam.bzh\/WP\/wp-content\/uploads\/2020\/07\/reynald-rivoilan-est-l-un-des-intervenants-animant-le-stage_4863469.jpg","datePublished":"2020-07-24T15:51:31+00:00","dateModified":"2020-07-24T15:53:45+00:00","author":{"@id":"https:\/\/sonam.bzh\/#\/schema\/person\/fe98894f8b4e4b9c9091b9840f4636d0"},"breadcrumb":{"@id":"https:\/\/sonam.bzh\/2020\/07\/24\/cycle-de-stages-creer-de-la-musique-par-ordinateur\/#breadcrumb"},"inLanguage":"br","potentialAction":[{"@type":"ReadAction","target":["https:\/\/sonam.bzh\/2020\/07\/24\/cycle-de-stages-creer-de-la-musique-par-ordinateur\/"]}]},{"@type":"ImageObject","inLanguage":"br","@id":"https:\/\/sonam.bzh\/2020\/07\/24\/cycle-de-stages-creer-de-la-musique-par-ordinateur\/#primaryimage","url":"https:\/\/sonam.bzh\/WP\/wp-content\/uploads\/2020\/07\/reynald-rivoilan-est-l-un-des-intervenants-animant-le-stage_4863469.jpg","contentUrl":"https:\/\/sonam.bzh\/WP\/wp-content\/uploads\/2020\/07\/reynald-rivoilan-est-l-un-des-intervenants-animant-le-stage_4863469.jpg","width":760,"height":1000,"caption":"Reynald Rivoilan, est l'un des intervenants animant le stage d'initiation \u00e0 la musique sur ordinateur, organis\u00e9 par l'Ecole de musique du Pays du roi Morvan."},{"@type":"BreadcrumbList","@id":"https:\/\/sonam.bzh\/2020\/07\/24\/cycle-de-stages-creer-de-la-musique-par-ordinateur\/#breadcrumb","itemListElement":[{"@type":"ListItem","position":1,"name":"Accueil","item":"https:\/\/sonam.bzh\/"},{"@type":"ListItem","position":2,"name":"Cycle de stages &#8220;Cr\u00e9er de la musique par ordinateur&#8221;"}]},{"@type":"WebSite","@id":"https:\/\/sonam.bzh\/#website","url":"https:\/\/sonam.bzh\/","name":"Sonam - Ecole de Musique","description":"Sonam&#039; - Skol Sonerezh","potentialAction":[{"@type":"SearchAction","target":{"@type":"EntryPoint","urlTemplate":"https:\/\/sonam.bzh\/?s={search_term_string}"},"query-input":{"@type":"PropertyValueSpecification","valueRequired":true,"valueName":"search_term_string"}}],"inLanguage":"br"},{"@type":"Person","@id":"https:\/\/sonam.bzh\/#\/schema\/person\/fe98894f8b4e4b9c9091b9840f4636d0","name":"B\u00e9n\u00e9dicte","image":{"@type":"ImageObject","inLanguage":"br","@id":"\/\/www.gravatar.com\/avatar\/d39b7d917d7e3f414fec1cf5a4822e47?s=96&#038;r=g&#038;d=mm","url":"\/\/www.gravatar.com\/avatar\/d39b7d917d7e3f414fec1cf5a4822e47?s=96&#038;r=g&#038;d=mm","contentUrl":"\/\/www.gravatar.com\/avatar\/d39b7d917d7e3f414fec1cf5a4822e47?s=96&#038;r=g&#038;d=mm","caption":"B\u00e9n\u00e9dicte"}}]}},"jetpack_featured_media_url":"https:\/\/sonam.bzh\/WP\/wp-content\/uploads\/2020\/07\/reynald-rivoilan-est-l-un-des-intervenants-animant-le-stage_4863469.jpg","jetpack_sharing_enabled":true,"_links":{"self":[{"href":"https:\/\/sonam.bzh\/br\/wp-json\/wp\/v2\/posts\/1095","targetHints":{"allow":["GET"]}}],"collection":[{"href":"https:\/\/sonam.bzh\/br\/wp-json\/wp\/v2\/posts"}],"about":[{"href":"https:\/\/sonam.bzh\/br\/wp-json\/wp\/v2\/types\/post"}],"author":[{"embeddable":true,"href":"https:\/\/sonam.bzh\/br\/wp-json\/wp\/v2\/users\/85"}],"replies":[{"embeddable":true,"href":"https:\/\/sonam.bzh\/br\/wp-json\/wp\/v2\/comments?post=1095"}],"version-history":[{"count":0,"href":"https:\/\/sonam.bzh\/br\/wp-json\/wp\/v2\/posts\/1095\/revisions"}],"wp:featuredmedia":[{"embeddable":true,"href":"https:\/\/sonam.bzh\/br\/wp-json\/wp\/v2\/media\/1096"}],"wp:attachment":[{"href":"https:\/\/sonam.bzh\/br\/wp-json\/wp\/v2\/media?parent=1095"}],"wp:term":[{"taxonomy":"category","embeddable":true,"href":"https:\/\/sonam.bzh\/br\/wp-json\/wp\/v2\/categories?post=1095"},{"taxonomy":"post_tag","embeddable":true,"href":"https:\/\/sonam.bzh\/br\/wp-json\/wp\/v2\/tags?post=1095"}],"curies":[{"name":"wp","href":"https:\/\/api.w.org\/{rel}","templated":true}]}}